{"id":7663,"date":"2025-05-23T11:15:05","date_gmt":"2025-05-23T09:15:05","guid":{"rendered":"https:\/\/www.manatnet.com\/blog\/?p=7663"},"modified":"2025-05-27T08:26:11","modified_gmt":"2025-05-27T06:26:11","slug":"interim-business-sind-interim-manager-die-rettung","status":"publish","type":"post","link":"https:\/\/www.manatnet.com\/blog\/2025\/05\/interim-business-sind-interim-manager-die-rettung\/","title":{"rendered":"INTERIM-BUSINESS: SIND INTERIM MANAGER DIE RETTUNG?"},"content":{"rendered":"<p>Die \u201eRetter\u201c sind wieder da! Die \u201eFeuerwehrleute\u201c retten zwar auch, sind aber wohl derart \u00fcber die Jahrzehnte abgegriffen, dass man keinen damit mehr hinterm Ofen vorlocken kann.<\/p>\n<p>&nbsp;<\/p>\n<p>Aber jetzt ist sie wieder da: Die Zeit der \u201eRetter\u201c.<\/p>\n<p>&nbsp;<\/p>\n<p>Besonders bei LinkedIn.<\/p>\n<p>&nbsp;<\/p>\n<p><a href=\"https:\/\/www.linkedin.com\/in\/marco-behnke-der-interim-manager\/\">Marco Behnke<\/a> schreibt unter im \u201eRetter\u201c-Tenor \u2013 und das hat nichts damit zu tun, dass er in der Regel gut und informativ schreibt.<\/p>\n<p>&nbsp;<\/p>\n<p>Provider, Soziet\u00e4ten und andere Aufmerksamkeit-buhlende Marktteilnehmer nutzen dieses Narrativ inzwischen \u2013 oder diesen \u201ehook\u201c wie\u00b4s schwurbelsprachlich zwar, daf\u00fcr modern, innerhalb der LinkedIn-Community hei\u00dft.<\/p>\n<p>&nbsp;<\/p>\n<p>Und jetzt auch der AIMP, mit dem mich \u2013 meine Leser wissen das! \u2013 starke Emotionen verbinden.<\/p>\n<p>&nbsp;<\/p>\n<p>Aber ehrlich, Leute: Geht\u00b4s auch ein wenig kleiner?<\/p>\n<p>&nbsp;<\/p>\n<p>Ich halte dieses Narrativ durchaus f\u00fcr gef\u00e4hrlich \u2013 vor allem aus zwei Gr\u00fcnden.<\/p>\n<p>&nbsp;<\/p>\n<p><strong>(1) Das Umfeld ist schwierig: Aber \u201edie Interim Manager\u201c werden das nicht \u201eretten\u201c!<\/strong><\/p>\n<p>&nbsp;<\/p>\n<p>Niemand, der mich kennt, wird erwarten, dass ich die wirtschaftliche und politische Situation besch\u00f6nige. Sicher: Es gibt das eine oder andere Positive \u2013 und daran sollten wir uns auch ein wenig hochziehen. Aber das meiste l\u00e4uft nicht wirklich rund.<\/p>\n<p>&nbsp;<\/p>\n<p>Die Erwartungshaltung, dass Interim Manager hier die \u201eRettung\u201c sein sollten oder k\u00f6nnten, halte ich \u2013 um Nachsicht heischend! \u2013 f\u00fcr grotesk. Ohne jeden Zweifel finden wir in der Nische des Interim-Business tolle Leute: M\u00e4nner und Frauen. Und ich kenne viele von Ihnen: Stellvertretend genannt seien <a href=\"https:\/\/www.linkedin.com\/in\/susanne-moecks-carone-0aa58\/\" target=\"_blank\" rel=\"noopener\">Susanne M\u00f6cks-Carone<\/a>, <a href=\"https:\/\/www.linkedin.com\/in\/hhilgenstock\/?miniProfileUrn=urn%3Ali%3Afs_miniProfile%3AACoAAABFlH4BhlRD2vCIU65w3C-GgMoUCutNh74\" target=\"_blank\" rel=\"noopener\">Eckhart Hilgenstock<\/a>, <a href=\"https:\/\/www.linkedin.com\/in\/jane-enny-van-lambalgen\/\" target=\"_blank\" rel=\"noopener\">Jane-Enny van Lambalgen<\/a> und <a href=\"https:\/\/www.linkedin.com\/in\/paulstricker\/\" target=\"_blank\" rel=\"noopener\">Paul Stricker<\/a>.<\/p>\n<p>&nbsp;<\/p>\n<p>Und es gibt jede Menge guter Leute: M\u00e4nner und Frauen. Auch hier kenne ich viele von ihnen. Sie bringen in aller Regel wichtige Mandate bei ihren Klienten \u00fcber die Ziellinie.<\/p>\n<p>&nbsp;<\/p>\n<p>Und es gibt jede Menge Leute, die die <a href=\"https:\/\/de.wikipedia.org\/wiki\/Normalverteilung\" target=\"_blank\" rel=\"noopener\">Gaussche Normalverteilung<\/a> abrunden: M\u00e4nner und Frauen. Nat\u00fcrlich kenne ich auch hier viele \u2013 \u00fcber alles andere decke ich den Mantel des Schweigens\u2026<\/p>\n<p>&nbsp;<\/p>\n<p>\u201eWo eigentlich ordnest Du Dich ein, Becker?\u201c<\/p>\n<p>&nbsp;<\/p>\n<p>\u201eIn die Gruppe der guten Leute. Mann. Ich wei\u00df viel \u2013 aber Vieles wei\u00df ich eben auch nicht!\u201c<\/p>\n<p>&nbsp;<\/p>\n<p>Ich denke daher \u2013 meine Leser m\u00f6gen das anders sehen: Einige Interim Manager werden die Rettung [was immer das sein mag\u2026] sein k\u00f6nnen. Die meisten jedoch nicht! Wir sollten daher diese Erwartungshaltung schnellstens beerdigen.<\/p>\n<h2><strong>(2) Die Kunden, die Unternehmen, werden sich nicht gern \u201eretten\u201c lassen!<\/strong><\/h2>\n<p>&nbsp;<\/p>\n<p>Wenn ich die einschl\u00e4gigen Postings bei LinkedIn oder \u00e4hnlich lautende Pressemitteilungen lese, dann frage ich mich \u00f6fter als mir lieb ist: \u201eWisst Ihr eigentlich, was Ihr da sagt!?\u201c<\/p>\n<p>&nbsp;<\/p>\n<p>Wenn Interim Manager die \u201eRetter\u201c sein sollen, dann m\u00fcssen die Unternehmen zwingend \u201edie zu Rettenden\u201c sein.<\/p>\n<p>&nbsp;<\/p>\n<p>Nun, es gibt solche Unternehmen \u2013 und leider viel zu viele: Die Anzahl der Insolvenzen spiegelt das wider:<\/p>\n<p>&nbsp;<\/p>\n<p><img decoding=\"async\" loading=\"lazy\" class=\"alignleft wp-image-7666 size-medium\" src=\"https:\/\/www.manatnet.com\/blog\/wp-content\/uploads\/2025\/05\/Insolvenzen-300x225.png\" alt=\"\" width=\"300\" height=\"225\" srcset=\"https:\/\/www.manatnet.com\/blog\/wp-content\/uploads\/2025\/05\/Insolvenzen-300x225.png 300w, https:\/\/www.manatnet.com\/blog\/wp-content\/uploads\/2025\/05\/Insolvenzen-768x576.png 768w, https:\/\/www.manatnet.com\/blog\/wp-content\/uploads\/2025\/05\/Insolvenzen-400x300.png 400w, https:\/\/www.manatnet.com\/blog\/wp-content\/uploads\/2025\/05\/Insolvenzen.png 960w\" sizes=\"(max-width: 300px) 100vw, 300px\" \/><\/p>\n<p>Im Jahr 2024 war das f\u00fcr 7 von 1.000 Unternehmen der Fall \u2013 aber eben f\u00fcr 993 Unternehmen nicht.<\/p>\n<p>&nbsp;<\/p>\n<p>Diese \u00fcberw\u00e4ltigende Mehrheit wird sich nicht ausgesprochen gern als Grenzg\u00e4nger zwischen Leben und Tod bezeichnen lassen. Widerstand auf breiter Front ist die Reaktion \u2013 nicht nur gegen\u00fcber einzelnen \u201eRetter Interim Managern\u201c, sondern gegen\u00fcber der gesamten Interim-Zunft.<\/p>\n<p>&nbsp;<\/p>\n<p>Ich verweise hier auf den letzten Satz in meinem Blog aus dem Oktober des vergangenen Jahres<a href=\"https:\/\/www.manatnet.com\/blog\/2024\/10\/interim-business-eagle-has-landed\/\" target=\"_blank\" rel=\"noopener\">: Interim-Business: Eagle has landed<\/a>.<\/p>\n<p>&nbsp;<\/p>\n<p>Ich bin davon \u00fcberzeugt, dass hier ein riesiges Problem im Image des Interim-Business liegt. Selbst gemacht. Und \u00fcber die Jahre stets neu angefeuert.<\/p>\n<p>&nbsp;<\/p>\n<p>Warum in Gottes Namen macht das eine Branche so derart konsequent \u2013 und wundert sich gleichzeitig, weshalb sie nicht aus ihrer Nische herauskommt? Ich wei\u00df, dass das viele in der Interim-Szene anders sehen: Aber ein Wachstum von 8,94% insgesamt (!) \u00fcber die letzten 10 Jahre haut nun wirklich keinen au\u00dferhalb der Interim-Blase um! Corona hin \u2013 Corona her\u2026<\/p>\n<p><img decoding=\"async\" loading=\"lazy\" class=\"alignleft wp-image-7667 size-large\" src=\"https:\/\/www.manatnet.com\/blog\/wp-content\/uploads\/2025\/05\/MArktvolumen-1024x547.png\" alt=\"\" width=\"584\" height=\"312\" srcset=\"https:\/\/www.manatnet.com\/blog\/wp-content\/uploads\/2025\/05\/MArktvolumen-1024x547.png 1024w, https:\/\/www.manatnet.com\/blog\/wp-content\/uploads\/2025\/05\/MArktvolumen-300x160.png 300w, https:\/\/www.manatnet.com\/blog\/wp-content\/uploads\/2025\/05\/MArktvolumen-768x410.png 768w, https:\/\/www.manatnet.com\/blog\/wp-content\/uploads\/2025\/05\/MArktvolumen-1536x820.png 1536w, https:\/\/www.manatnet.com\/blog\/wp-content\/uploads\/2025\/05\/MArktvolumen-2048x1094.png 2048w, https:\/\/www.manatnet.com\/blog\/wp-content\/uploads\/2025\/05\/MArktvolumen-500x267.png 500w\" sizes=\"(max-width: 584px) 100vw, 584px\" \/><\/p>\n<p>&nbsp;<\/p>\n<p>Ich denke, dass etwas mehr Bescheidenheit in jeder Hinsicht guttun w\u00fcrde\u2026<\/p>\n","protected":false},"excerpt":{"rendered":"<p>Die \u201eRetter\u201c sind wieder da! Die \u201eFeuerwehrleute\u201c retten zwar auch, sind aber wohl derart \u00fcber die Jahrzehnte abgegriffen, dass man keinen damit mehr hinterm Ofen vorlocken kann. &nbsp; Aber jetzt ist sie wieder da: Die Zeit der \u201eRetter\u201c. &nbsp; Besonders &hellip; <a href=\"https:\/\/www.manatnet.com\/blog\/2025\/05\/interim-business-sind-interim-manager-die-rettung\/\">Weiterlesen <span class=\"meta-nav\">&rarr;<\/span><\/a><\/p>\n","protected":false},"author":3,"featured_media":7674,"comment_status":"open","ping_status":"open","sticky":false,"template":"","format":"standard","meta":{"om_disable_all_campaigns":false,"_monsterinsights_skip_tracking":false,"_monsterinsights_sitenote_active":false,"_monsterinsights_sitenote_note":"","_monsterinsights_sitenote_category":0},"categories":[4],"tags":[6,22,24,32,38],"aioseo_notices":[],"_links":{"self":[{"href":"https:\/\/www.manatnet.com\/blog\/wp-json\/wp\/v2\/posts\/7663"}],"collection":[{"href":"https:\/\/www.manatnet.com\/blog\/wp-json\/wp\/v2\/posts"}],"about":[{"href":"https:\/\/www.manatnet.com\/blog\/wp-json\/wp\/v2\/types\/post"}],"author":[{"embeddable":true,"href":"https:\/\/www.manatnet.com\/blog\/wp-json\/wp\/v2\/users\/3"}],"replies":[{"embeddable":true,"href":"https:\/\/www.manatnet.com\/blog\/wp-json\/wp\/v2\/comments?post=7663"}],"version-history":[{"count":9,"href":"https:\/\/www.manatnet.com\/blog\/wp-json\/wp\/v2\/posts\/7663\/revisions"}],"predecessor-version":[{"id":7677,"href":"https:\/\/www.manatnet.com\/blog\/wp-json\/wp\/v2\/posts\/7663\/revisions\/7677"}],"wp:featuredmedia":[{"embeddable":true,"href":"https:\/\/www.manatnet.com\/blog\/wp-json\/wp\/v2\/media\/7674"}],"wp:attachment":[{"href":"https:\/\/www.manatnet.com\/blog\/wp-json\/wp\/v2\/media?parent=7663"}],"wp:term":[{"taxonomy":"category","embeddable":true,"href":"https:\/\/www.manatnet.com\/blog\/wp-json\/wp\/v2\/categories?post=7663"},{"taxonomy":"post_tag","embeddable":true,"href":"https:\/\/www.manatnet.com\/blog\/wp-json\/wp\/v2\/tags?post=7663"}],"curies":[{"name":"wp","href":"https:\/\/api.w.org\/{rel}","templated":true}]}}