{"id":7102,"date":"2020-04-17T15:00:49","date_gmt":"2020-04-17T13:00:49","guid":{"rendered":"https:\/\/www.manatnet.com\/blog\/?p=7102"},"modified":"2024-09-18T10:31:25","modified_gmt":"2024-09-18T08:31:25","slug":"das-erwarte-ich-vom-innovationsfuehrer-der-interim-szene","status":"publish","type":"post","link":"https:\/\/www.manatnet.com\/blog\/2020\/04\/das-erwarte-ich-vom-innovationsfuehrer-der-interim-szene\/","title":{"rendered":"DAS ERWARTE ICH VOM INNOVATIONSF\u00dcHRER DER INTERIM-SZENE"},"content":{"rendered":"<p><a href=\"https:\/\/www.manatnet.com\/blog\/wp-content\/uploads\/2020\/04\/MANATNET_Interim_Management_Titel_Fruehling.jpg\" target=\"_blank\" rel=\"noopener\"><img decoding=\"async\" loading=\"lazy\" class=\"alignleft size-full wp-image-7107\" src=\"https:\/\/www.manatnet.com\/blog\/wp-content\/uploads\/2020\/04\/MANATNET_Interim_Management_Titel_Fruehling_klein.jpg\" alt=\"Interim_Management_Blog_Foto_Juergen_Becker_Kirschbluete_Ribeauville_(F)_2018\" width=\"400\" height=\"300\" srcset=\"https:\/\/www.manatnet.com\/blog\/wp-content\/uploads\/2020\/04\/MANATNET_Interim_Management_Titel_Fruehling_klein.jpg 400w, https:\/\/www.manatnet.com\/blog\/wp-content\/uploads\/2020\/04\/MANATNET_Interim_Management_Titel_Fruehling_klein-300x225.jpg 300w\" sizes=\"(max-width: 400px) 100vw, 400px\" \/><\/a>Tats\u00e4chlich h\u00e4tte ich mir nicht vorstellen k\u00f6nnen, dass ich einmal \u00fcber geschlagene vier Wochen mein Blog aussetzen w\u00fcrde.<\/p>\n<p>&nbsp;<\/p>\n<p>Mein Blog, das mir heilig ist! Und auf das eine treue Leserschaft freitags wartet. Sie hat viermal vergeblich gewartet. Das tut mir leid \u2013 und ich bedauere das aufrichtig!<\/p>\n<p>&nbsp;<\/p>\n<p>Nun habe ich mir ebenso wenig vorstellen k\u00f6nnen, dass einmal ein Virus in unser Leben in einer Art und Weise einschlagen k\u00f6nnte, wie dies COVID 19 \u2013 umgangssprachlich: \u201eCorona-Virus\u201c \u2013 getan hat.<\/p>\n<p>&nbsp;<\/p>\n<p>Und zum ersten \u201eShutdown\u201c in der Deutschen Geschichte f\u00fchren w\u00fcrde. Mit Auswirkungen, die wir noch nicht einmal ansatzweise absch\u00e4tzen k\u00f6nnen.<\/p>\n<p>&nbsp;<\/p>\n<p>Mir steht es nicht zu, den \u201eShutdown\u201c zu bewerten oder gar zu kritisieren: Daf\u00fcr fehlt mir das Spezialistenwissen auf diesem Feld! Aber ich muss f\u00fcr mich \u2013 als Mensch und als Unternehmer \u2013 bewerten, was das f\u00fcr mich und mein Umfeld bedeutet \u2013 zumindest bedeuten kann.<\/p>\n<p>&nbsp;<\/p>\n<p>Und selbstverst\u00e4ndlich bin ich zusammengezuckt, als der Begriff \u201eErm\u00e4chtigungsgesetze\u201c fiel! Und selbstverst\u00e4ndlich muss ich verst\u00f6rt zur Kenntnis nehmen, wie leicht derzeit Grundrechte kassiert werden k\u00f6nnen, ohne dass es auch nur eine Spur eines nachhallenden Protestes gibt. Wenn ich von einzelnen K\u00e4mpfern, denen meine Sympathie gilt, einmal absehe\u2026<\/p>\n<h2><strong>Was bedeutet die Corona-Krise f\u00fcrs Interim-Business<\/strong><\/h2>\n<p>&nbsp;<\/p>\n<p>Ganz besonders, wen wird das wundern?, treibt mich die Frage um: \u201eWas bedeutet das alles f\u00fcrs Interim-Business?\u201c<\/p>\n<p>&nbsp;<\/p>\n<p>Um es kurz zu machen: Nichts Gutes!<\/p>\n<p>&nbsp;<\/p>\n<p>Wenn wir auf der Grundlage der allgemeinen Einsch\u00e4tzung, die Corona-Krise w\u00fcrde die Wirtschaft heftiger treffen als die Finanzkrise 2008, dann m\u00fcssen wir uns wohl oder \u00fcbel auf folgendes einstellen:<\/p>\n<p>&nbsp;<\/p>\n<p>(1) Das Brutto-Inlandsprodukt d\u00fcrfte zwischen 7 und 19 Prozent absacken, je nachdem, wie lange der Shutdown andauern wird.<\/p>\n<p>&nbsp;<\/p>\n<p>(2) Die Masse der deutschen Unternehmen sitzt in einer derartigen Krise ganz breitbeinig auf der Kasse und stellt die \u201eHeiligen Drei K\u00f6nige der Ausgaben\u201c auf \u201eNull\u201c: Dienstreisen, Weiterbildung und Berater \u2013 und Interim Manager z\u00e4hlen in der Kostenartenrechnung als Berater. Warum tun die Unternehmen das? Diese Entscheidung ist unmittelbar \u201eCash-wirksam\u201c (im Sinne von: Es flie\u00dft kein Cash aus dem Unternehmen ab) und kein Mitarbeiter wird deswegen k\u00fcndigen. Das haben die Unternehmen stets so gemacht \u2013 und ich erwarte in der gegenw\u00e4rtigen Gemengelage unseres Landes nicht, dass sich das \u00e4ndern wird. Vergessen wir zudem nicht: Nichts tun hat keine Kostenstelle&#8230;!<\/p>\n<p>&nbsp;<\/p>\n<p>(3) In der Folge wird das Interim-Business auf breiter Front zur\u00fcckgehen. Dass in einzelnen Bereichen das Gesch\u00e4ft m\u00f6glicherweise sogar zunehmen kann (vielleicht im Segment Restrukturierungen) \u00e4ndert an dieser Gro\u00dfwetterlage nichts. Zum Vergleich: Im auf die Bankenkrise folgenden Jahr 2009 war das Interim-Business laut <a href=\"http:\/\/www.aimp.de\/fileadmin\/data\/AIMP_Umfragen\/AIMP_PROVIDERUMFRAGE_2019_4-2019.pdf\" target=\"_blank\" rel=\"noopener\">AIMP-Providerstudie<\/a> von 1,60 Mrd. Euro auf 1,25 Mrd. Euro \u2013 also um satte 22 Prozent \u2013 eingebrochen. Auf der Grundlage vorsichtiger Kaufmanns-Tradition sollten wir dies als Benchmark verwenden \u2013 f\u00fcr unsere Planungen in diesem und im n\u00e4chsten Jahr.<\/p>\n<p>&nbsp;<\/p>\n<p>(4) Ich erwarte, dass dies ein neuerliches Nachdenken im Interim-Business zur Folge haben wird \u2013 und \u00fcber sein seit gut vierzig Jahren unver\u00e4ndertes und damit \u00fcberaltertes Gesch\u00e4ftsmodell. Ganz besonders gilt dies f\u00fcr die formidablen Ineffizienzen \u2013 und hierzu geh\u00f6rt vornweg der b\u00fcrokratische Irrsinn der dezentralen Pools \u2013 jeder f\u00fcr sich f\u00fchrend, handverlesen und super-dooper. Vor gut einem Jahr bin ich bereits in meinem Video darauf eingegangen: <a href=\"https:\/\/youtu.be\/bhQHxYV5c34\" target=\"_blank\" rel=\"noopener\">Ein eigener Pool ist kein Wettbewerbsvorteil mehr.<\/a><\/p>\n<p>&nbsp;<\/p>\n<p>(5) Der Shutdown hat die Menschen dazu gezwungen, neue und vor allem digitale Wege zu beschreiten. Glauben Sie nicht? Dann versuchen Sie mal, eins der popul\u00e4ren Micros zu bekommen, die f\u00fcr z. B. Zoom-Konferenzen empfohlen werden. Hier bin ich der festen \u00dcberzeugung: There will be no way back! Es wird keinen Weg zur\u00fcck mehr geben! Dienstreisen, Vielfliegerkarten und \u00dcbernachtungen werden davon betroffen werden \u2013 mit all den daraus folgenden Auswirkungen auf die jeweiligen Branchen.<\/p>\n<h2><strong>Wie kommuniziert die Interim-Szene, wenn alle analogen Foren entfallen?<\/strong><\/h2>\n<p>&nbsp;<\/p>\n<p>(6) Alle Events der Interim-Szene sind bis Ende August dieses Jahres abgesagt: Das Forum des D\u00d6IM in Salzburg sowie das AIMP-Jahresforum auf Burg Schwarzenstein fielen dem zum Opfer \u2013 und wenn wir alle Pech haben, dann wird es auch noch den DDIM-Kongress im November erwischen. Die Kommunikation untereinander, der so wichtige gegenseitige Erfahrungs-Austausch der Interim Manager entf\u00e4llt somit \u2013 zumindest bis nach dem Sommer.<\/p>\n<p>&nbsp;<\/p>\n<p>Als das AIMP-Jahresforum abgesagt wurde, war es f\u00fcr UNITEDINTERIM klar:<\/p>\n<p>&nbsp;<\/p>\n<p>Wir m\u00fcssen die erste digitale Fachtagung f\u00fcr das Interim-Business bringen!<\/p>\n<p>&nbsp;<\/p>\n<p>Und wenn wir den popul\u00e4ren Termin, 25. April, der f\u00fcr das AIMP-Jahresforum vorgesehen war, nutzen wollten, dann hatten wir gerade mal 5 Wochen zur Verf\u00fcgung! 5 Wochen, um die Fachtagung komplett neu aufzusetzen \u2013 inhaltlich und technisch! Ein Gewaltmarsch durch weite, unber\u00fchrte Lande, dem mein Blog zum Opfer fiel, ja nachgerade fallen musste.<\/p>\n<p>&nbsp;<\/p>\n<p>Aber, wir haben es geschafft: <a href=\"https:\/\/www.unitedinterim.com\/1-virtuelle-fachtagung-interim-management-am-25-april-2020\" target=\"_blank\" rel=\"noopener\">Das Programm steht<\/a> und die Technik auch \u2013 so dass wir die n\u00e4chste Woche f\u00fcr\u00b4s Testen verwenden k\u00f6nnen. Am kommenden Samstag sind wir dann soweit\u2026<\/p>\n<p>&nbsp;<\/p>\n<p>Sind wir stolz darauf? Ein wenig schon, denke ich.<\/p>\n<p>&nbsp;<\/p>\n<p>Auf der anderen Seite denke ich aber auch:<\/p>\n<p>&nbsp;<\/p>\n<p>Das erwarte ich vom Innovationsf\u00fchrer der Interim-Szene!<\/p>\n<p>&nbsp;<\/p>\n","protected":false},"excerpt":{"rendered":"<p>Tats\u00e4chlich h\u00e4tte ich mir nicht vorstellen k\u00f6nnen, dass ich einmal \u00fcber geschlagene vier Wochen mein Blog aussetzen w\u00fcrde. &nbsp; Mein Blog, das mir heilig ist! Und auf das eine treue Leserschaft freitags wartet. Sie hat viermal vergeblich gewartet. Das tut &hellip; <a href=\"https:\/\/www.manatnet.com\/blog\/2020\/04\/das-erwarte-ich-vom-innovationsfuehrer-der-interim-szene\/\">Weiterlesen <span class=\"meta-nav\">&rarr;<\/span><\/a><\/p>\n","protected":false},"author":3,"featured_media":0,"comment_status":"open","ping_status":"open","sticky":false,"template":"","format":"standard","meta":{"om_disable_all_campaigns":false,"_monsterinsights_skip_tracking":false,"_monsterinsights_sitenote_active":false,"_monsterinsights_sitenote_note":"","_monsterinsights_sitenote_category":0},"categories":[4],"tags":[27,26,6,24,47,32,56],"aioseo_notices":[],"_links":{"self":[{"href":"https:\/\/www.manatnet.com\/blog\/wp-json\/wp\/v2\/posts\/7102"}],"collection":[{"href":"https:\/\/www.manatnet.com\/blog\/wp-json\/wp\/v2\/posts"}],"about":[{"href":"https:\/\/www.manatnet.com\/blog\/wp-json\/wp\/v2\/types\/post"}],"author":[{"embeddable":true,"href":"https:\/\/www.manatnet.com\/blog\/wp-json\/wp\/v2\/users\/3"}],"replies":[{"embeddable":true,"href":"https:\/\/www.manatnet.com\/blog\/wp-json\/wp\/v2\/comments?post=7102"}],"version-history":[{"count":8,"href":"https:\/\/www.manatnet.com\/blog\/wp-json\/wp\/v2\/posts\/7102\/revisions"}],"predecessor-version":[{"id":7112,"href":"https:\/\/www.manatnet.com\/blog\/wp-json\/wp\/v2\/posts\/7102\/revisions\/7112"}],"wp:attachment":[{"href":"https:\/\/www.manatnet.com\/blog\/wp-json\/wp\/v2\/media?parent=7102"}],"wp:term":[{"taxonomy":"category","embeddable":true,"href":"https:\/\/www.manatnet.com\/blog\/wp-json\/wp\/v2\/categories?post=7102"},{"taxonomy":"post_tag","embeddable":true,"href":"https:\/\/www.manatnet.com\/blog\/wp-json\/wp\/v2\/tags?post=7102"}],"curies":[{"name":"wp","href":"https:\/\/api.w.org\/{rel}","templated":true}]}}