{"id":6395,"date":"2019-05-31T15:00:48","date_gmt":"2019-05-31T13:00:48","guid":{"rendered":"https:\/\/www.manatnet.com\/blog\/?p=6395"},"modified":"2024-09-18T10:44:49","modified_gmt":"2024-09-18T08:44:49","slug":"ein-schriller-weckruf-auch-fuer-interim-manager","status":"publish","type":"post","link":"https:\/\/www.manatnet.com\/blog\/2019\/05\/ein-schriller-weckruf-auch-fuer-interim-manager\/","title":{"rendered":"EIN SCHRILLER WECKRUF \u2013 AUCH F\u00dcR INTERIM MANAGER!"},"content":{"rendered":"<p><a href=\"https:\/\/www.manatnet.com\/blog\/wp-content\/uploads\/2019\/05\/MANATNET_Interim_Management_Blog_Titel_Ein_schriller_Weckruf-auch_f\u00fcr_Interim_Manager.jpg\" target=\"_blank\" rel=\"noopener\"><img decoding=\"async\" loading=\"lazy\" class=\"alignnone size-full wp-image-6396\" src=\"https:\/\/www.manatnet.com\/blog\/wp-content\/uploads\/2019\/05\/MANATNET_Interim_Management_Blog_Titel_Ein_schriller_Weckruf-auch_f\u00fcr_Interim_Manager_klein.jpg\" alt=\"Inte-rim_Management_Blog_Foto_Juergen_Becker_Harlekin_Altstadt_Antikmarkt_Gengenbach_2019\" width=\"400\" height=\"300\" srcset=\"https:\/\/www.manatnet.com\/blog\/wp-content\/uploads\/2019\/05\/MANATNET_Interim_Management_Blog_Titel_Ein_schriller_Weckruf-auch_f\u00fcr_Interim_Manager_klein.jpg 400w, https:\/\/www.manatnet.com\/blog\/wp-content\/uploads\/2019\/05\/MANATNET_Interim_Management_Blog_Titel_Ein_schriller_Weckruf-auch_f\u00fcr_Interim_Manager_klein-300x225.jpg 300w\" sizes=\"(max-width: 400px) 100vw, 400px\" \/><\/a>Nein, ich m\u00f6chte keineswegs theatralisch wirken! Dennoch glaube ich zu sp\u00fcren, dass sich in den vergangenen zwei Wochen etwas dramatisch verschoben hat.<\/p>\n<p>&nbsp;<\/p>\n<p>Mag sein, dass ich mich t\u00e4usche, aber in der Vergangenheit hatte ich ein recht gutes Gesp\u00fcr f\u00fcr solche <a href=\"https:\/\/de.wikipedia.org\/wiki\/Tektonik\" target=\"_blank\" rel=\"noopener\">tektonischen Verwerfungen<\/a>.<\/p>\n<p>&nbsp;<\/p>\n<p>Was ist geschehen? Drei Dinge haben die Welt in Deutschland ver\u00e4ndert:<\/p>\n<p>&nbsp;<\/p>\n<p><strong>(1) Das Video von Rezo:<\/strong> <a href=\"https:\/\/www.youtube.com\/watch?v=4Y1lZQsyuSQ\" target=\"_blank\" rel=\"noopener\">\u201eDie Zerst\u00f6rung der CDU\u201c<\/a>, das heute, w\u00e4hrend ich dies schreibe, sage und schreibe 13,9 Mio. Aufrufe erhalten hat.<\/p>\n<p>&nbsp;<\/p>\n<p>(<strong>2) Die Verluste der GroKo bei der Europawahl:<\/strong> CDU\/CSU: minus 8,4% \u2013 und SPD: minus 11,5%.<\/p>\n<p>&nbsp;<\/p>\n<p><strong>(3) AKKs sprachlicher Lapsus:<\/strong> \u201e<a href=\"https:\/\/www.dnn.de\/Nachrichten\/Politik\/Nach-Rezo-Video-Fordert-AKK-Einschraenkung-der-Meinungsfreiheit-Jetzt-reagiert-die-CDU-Chefin\" target=\"_blank\" rel=\"noopener\">Regulierung von Meinungen<\/a>\u201c, der einen beinahe mitleiderregenden Shitstorm unter der Klammer \u201eAngriff auf das Grundgesetz!\u201c ausl\u00f6ste.<\/p>\n<h2><strong>Zwischen \u201ehistorischem Wandel\u201c und \u201eEpochenbruch\u201c<\/strong><\/h2>\n<p>&nbsp;<\/p>\n<p>So ziemlich jeder hat sich inzwischen mit diesen drei Themen, die zusammenh\u00e4ngen, besch\u00e4ftigt:<\/p>\n<p>&nbsp;<\/p>\n<p>So schreibt Sascha Lobo in Spiegel-Online (\u201e<a href=\"https:\/\/www.spiegel.de\/netzwelt\/web\/annegret-kramp-karrenbauer-und-das-rezo-phaenomen-marathon-im-fettnapf-a-1269879.html\" target=\"_blank\" rel=\"noopener\">Marathon im Fettnapf<\/a>\u201c): \u201eDie GroKo der beiden schwindenden Volksparteien CDU und SPD regiert ein Land, das es nicht mehr gibt &#8211; mit einem Instrumentarium, das nicht mehr funktioniert.\u201c<\/p>\n<p>&nbsp;<\/p>\n<p>Und Focus titelt <a href=\"https:\/\/www.focus.de\/kultur\/kino_tv\/focus-fernsehclub\/tv-kolumne-maischberger_id_10774546.html\" target=\"_blank\" rel=\"noopener\">\u201eMit derben Worten verweigert Juso-Chef K\u00fchnert Nahles die Unterst\u00fctzung\u201c<\/a> und schreibt: \u201eVieles deutet darauf hin, dass da gerade ein historischer Wandel stattfindet, der weit \u00fcber eine blo\u00dfe Momentaufnahme hinausgeht.\u201c An anderer Stelle verwendet Focus den Begriff \u201eEpochenbruch\u201c.<\/p>\n<p>&nbsp;<\/p>\n<p>Und das sehe ich tats\u00e4chlich genau so und erwarte f\u00fcr mich: Nichts wird mehr sein wie vorher \u2013 nach diesen \u201ehistorischen\u201c zwei Wochen.<\/p>\n<p>&nbsp;<\/p>\n<p>Und das betrifft \u2013 denn das ist die inhaltliche Klammer meines Blogs \u2013 auch das Interim Management: So sicher wie ich diese Zeilen schreibe!<\/p>\n<h2><strong>Ein Dilemma mit Quattro-Anschub<\/strong><\/h2>\n<p>&nbsp;<\/p>\n<p>Was macht mich da so sicher?<\/p>\n<p>&nbsp;<\/p>\n<p>Das Dilemma der GroKo geht aus meiner Sicht auf vier Besonderheiten zur\u00fcck:<\/p>\n<p>&nbsp;<\/p>\n<p><strong>(1) Arroganz und Ignoranz:<\/strong> Die Meinung der jungen Generation wurde schlichtweg negiert und damit signalisierten die Politiker \u201eIhr interessiert uns nicht!\u201c. F\u00fcr mich das letzte gro\u00dfe Beispiel solchen Verhaltens vor dem Rezo-Video war die Entscheidung zur Reform des Urheberrechtes mit dem besonderen Schmankerl Artikel 13. Hier sind die jungen Leute in Scharen auf die Stra\u00dfe gegangen, um dagegen zu protestieren. Unmittelbar anschlie\u00dfend wurde die Reform nonchalant durchgewunken. In der <a href=\"https:\/\/de.wikipedia.org\/wiki\/Transaktionsanalyse\" target=\"_blank\" rel=\"noopener\">Transaktionsanalyse<\/a> w\u00fcrde dies wohl mit einem \u201eDu bist dumm!\u201c gleichgesetzt. Kein Wunder dann, dass die Reaktion darauf lautete: \u201eIch bin nicht dumm, aber Du bist b\u00f6se!\u201c<\/p>\n<p>&nbsp;<\/p>\n<p>Auf Rezos Video wurde in vergleichbarer Weise reagiert \u2013 was in wunderbarer Weise von <a href=\"https:\/\/grafikpolizei.wordpress.com\/?fbclid=IwAR17bIH8Mueu4l8tQ7IvStuoAlE43r0Kwi_3dkG3iX4Wm8lgpH5hAqt6u80\" target=\"_blank\" rel=\"noopener\">Knut Junker<\/a> in seinem Cartoon karikiert wird:<\/p>\n<p>&nbsp;<\/p>\n<p><a href=\"https:\/\/grafikpolizei.wordpress.com\/?fbclid=IwAR17bIH8Mueu4l8tQ7IvStuoAlE43r0Kwi_3dkG3iX4Wm8lgpH5hAqt6u80\" target=\"_blank\" rel=\"noopener\"><img decoding=\"async\" loading=\"lazy\" class=\"alignnone wp-image-6398\" src=\"https:\/\/www.manatnet.com\/blog\/wp-content\/uploads\/2019\/05\/CDU-215x300.png\" alt=\"Mit freundlicher Genehmigung von Knuth Junker\" width=\"420\" height=\"586\" srcset=\"https:\/\/www.manatnet.com\/blog\/wp-content\/uploads\/2019\/05\/CDU-215x300.png 215w, https:\/\/www.manatnet.com\/blog\/wp-content\/uploads\/2019\/05\/CDU.png 494w\" sizes=\"(max-width: 420px) 100vw, 420px\" \/><\/a><\/p>\n<p>&nbsp;<\/p>\n<p><strong>(2) Uns\u00e4gliche Plattit\u00fcden:<\/strong> Vielleicht waren Politiker schon immer so \u2013 aber dann f\u00e4llt\u00b4s heute halt mehr auf und die Menschen haben es schlichtweg satt.<\/p>\n<p>&nbsp;<\/p>\n<p>Wenn ich mir die stereotypen Antworten der Politiker auf Fragen vor Ohren halte, dann graust es mich! Diese Antworten haben viel zu oft, wenn schon nicht gar nichts, dann aber wirklich nur kaum etwas\u00a0 mit der jeweiligen Frage zu tun! Und so gut wie niemand von den Fragestellern hakt mal nach mit einem \u201eBei allem Respekt: Danach habe ich gar nicht gefragt!\u201c.<\/p>\n<p>&nbsp;<\/p>\n<p>Oder die Antworten der CDUler und SPDler auf das Wahlfiasko: \u201eWir m\u00fcssen jetzt in aller Ruhe die Ergebnisse analysieren und werden dann beraten und unsere Schl\u00fcsse daraus ziehen. Jetzt ist es nicht an der Zeit f\u00fcr Schuldzuweisungen oder gar Personaldebatten!\u201c<\/p>\n<p>&nbsp;<\/p>\n<p>So oder so \u00e4hnlich h\u00f6ren wir das nach jeder Wahl \u2013 von den Verlieren. Die Gewinner nutzen andere Plattit\u00fcden: \u201eWir werden jetzt in Ruhe Gespr\u00e4che f\u00fchren!\u201c und, mein Favorit: \u201eEs geht um Sachfragen, nicht um Personaldebatten!\u201c Allgemeines Schenkelklopfen vor den Fernsehern\u2026<\/p>\n<p>&nbsp;<\/p>\n<p>Stellen Sie sich mal vor, rein theoretisch, einer \u2013 oder eine \u2013 von z. B. der SPD sagte: \u201eWas f\u00fcr eine Schei\u00dfe! Wir haben weit \u00fcber 40 Prozent unsere W\u00e4hler verloren! Stellen Sie sich bitte nur mal vor, uns passiert das Gleiche bei der n\u00e4chsten Wahl noch einmal! Ich darf gar nicht dran denken! Wir haben also drastischen Handlungsbedarf und ich sehe unsere Partei unmittelbar vor einem Restrukturierungsprozess. Der wird hart werden, wir werden die eigene Komfortzone verlassen m\u00fcssen \u2013 und da werden einige von uns aus der Kurve fliegen. Aber ich werde diesen Prozess mit aller Macht treiben. Und deshalb verlasse ich jetzt diese Plauder-Runde: Ich habe Wichtigeres zu tun!\u201c<\/p>\n<p>&nbsp;<\/p>\n<p>Ich bin mir sicher: Auch hier gingen die Zugriffe auf ein solches Statement durch die Decke!<\/p>\n<p>&nbsp;<\/p>\n<p><strong>(3) Verzerrte Wahrnehmung:<\/strong> Politiker sind toll \u2013 im Eigenbild. Das Fremdbild sieht (vielleicht sogar v\u00f6llig) anders aus \u2013 zumindest, wenn man die Beliebtheitsskala der <a href=\"https:\/\/www.epochtimes.de\/politik\/deutschland\/welche-berufe-wir-schaetzen-und-welche-nicht-a2199347.html\" target=\"_blank\" rel=\"noopener\">Berufsgruppen von Forsa<\/a> (noch aus 2017) zu Rate zieht: Hiernach haben nur Versicherungsvertreter ein noch schlechteres Image! \u00dcbrigens: Das Image des Berufs \u201eManager\u201c ist fast exakt gleich miserabel!<\/p>\n<p>&nbsp;<\/p>\n<p><strong>(4) Leben in einer Blase:<\/strong> Ich teile hier die Meinung von Sascha Lobo, der im oben genannten <a href=\"https:\/\/www.spiegel.de\/netzwelt\/web\/annegret-kramp-karrenbauer-und-das-rezo-phaenomen-marathon-im-fettnapf-a-1269879.html\">Artikel<\/a> schreibt: \u201eWenn man jedoch genauer hinschaut, war das Problem der CDU nicht, dass sie keine Ahnung von Social Media hat. Sondern &#8211; fast im Gegenteil &#8211; dass via Social Media klar wurde, wie wenig Ahnung sie von allem anderen hat, was die Jugend interessiert. Es geht nicht um das Medium, sondern um politische Inhalte, um das Fortbestehen des Planeten etwa. Aber auch um das Vertrauen, das die Union zerst\u00f6rte durch ihre komplette Missachtung einer digitalen Generation, indem sie ohne R\u00fccksicht, ohne Dialog, ohne Sachverstand oder auch nur Respekt die Urheberrechtsreform durchgepr\u00fcgelt hat.\u201c<\/p>\n<p>&nbsp;<\/p>\n<p>Schon in alten Zeiten hatte der \u201eHof\u201c samt seiner \u201eH\u00f6flinge\u201c und speichelleckenden <a href=\"https:\/\/de.wikipedia.org\/wiki\/Hofschranze\" target=\"_blank\" rel=\"noopener\">\u201eHof-Schranzen\u201c<\/a> jegliche Bindung zum \u201eVolk\u201c verloren und lebten gutgelaunt in ihrem eigenen Mikrokosmos \u2013 selbstverst\u00e4ndlich auf Kosten der anderen. Ging bekanntlich auch nicht so wirklich gut aus\u2026!<\/p>\n<p>&nbsp;<\/p>\n<p>So: Und was hat das nun mit dem Interim Management zu tun?<\/p>\n<p>&nbsp;<\/p>\n<p>Jede Menge! Aber nur, wenn wir einmal wirklich kritisch draufschauen auf diese Welt, die ich letztlich so liebe:<\/p>\n<p>&nbsp;<\/p>\n<p>Sicher, es gibt eine Gruppe von Interim Managern, die hier herausragen \u2013 und ich suche die N\u00e4he zu diesen Menschen. Zu meinem gro\u00dfen Bedauern sind das doch viele eben leider nicht.<\/p>\n<p>&nbsp;<\/p>\n<p>Ganz besonders gilt das f\u00fcrs Eigenbild im Vergleich zum Fremdbild: W\u00e4hrend das Eigenbild stets goldgerahmt in leuchtend schimmerndem \u00d6l erstrahlt \u2013 lautet das Fremdbild mitunter ganz anders:<\/p>\n<p>&nbsp;<\/p>\n<p>Stets die gleichen Rituale (\u201eIch bin C-Level: Das ist nichts f\u00fcr mich!\u201c), viel Beharrungsverm\u00f6gen (\u201eHab ich noch nie gebraucht!\u201c), stets mitreden, selbst, wenn man keine Ahnung hat (\u201eDigitalisierung\u201c, \u201e3D-Druck\u201c), keine Neugier (\u201eAch ja, Herr Becker, das ist doch alles ziemlich neumodischer Kram, der in unserem speziellen Gesch\u00e4ft nie funktionieren wird!\u201c) und weit weg von dem, was junge Menschen (\u201eDas ist nicht meine Zielgruppe!\u201c), oder Menschen au\u00dferhalb des eigenen, selbst f\u00fcr relevant erachteten Bezugsfeldes, umtreibt (\u201eGlauben Sie mir, Herr Becker, ich wei\u00df ganz genau, was meine Kunden brauchen!\u201c).<\/p>\n<h2><strong>In der modernen, digitalen Welt existieren diese Menschen nicht!<\/strong><\/h2>\n<p>&nbsp;<\/p>\n<p>Machen Sie mal folgende \u00dcbung: Suchen Sie nach Interim Managern bei XING. Das ist einfach und die Trefferliste wird bei 300 gekappt. W\u00e4hlen Sie willk\u00fcrlich 100 Interm Manager und Managerinnen aus. Identifizieren Sie aus dieser Gruppe von 100 diejenigen mit einer eigenen Website: Sie werden keine 100% erreichen. Dann suchen in dieser neue Teilmenge diejenigen Interim Manager, die bei Twitter zumindest dabei sind. Aus der Gruppe, die dann noch \u00fcbrigbleibt, suchen Sie die Interim Manager bei YouTube heraus\u2026<\/p>\n<p>&nbsp;<\/p>\n<p>Wir wollen nicht unterschlagen: Die Blog-Autoren haben Sie bei dieser \u00dcbung nicht einmal ber\u00fccksichtigt \u2013 obwohl es ein anerkannter Kanal ist, um sich selbst als Fachmann oder Fachfrau darzustellen und eine entsprechende Reputation aufzubauen.<\/p>\n<p>&nbsp;<\/p>\n<p>Daraus folgt \u2013 nicht einmal allzu \u00fcberspitzt formuliert: \u201eIn der modernen, digitalen Welt, existieren diese Menschen nicht!\u201c <a href=\"https:\/\/www.manatnet.com\/blog\/2019\/01\/sichtbare-interim-manager-und-unsichtbare\/\" target=\"_blank\" rel=\"noopener\">[Sichtbare Interim Manager und unsichtbare]<\/a><\/p>\n<p>&nbsp;<\/p>\n<p>\u201eDas mag ja alles richtig sein, Herr Becker, aber ich bin Interim Manager f\u00fcr ganz besondere Aufgaben: F\u00fcr mich funktioniert das alles nicht. Ich vertraue lieber auf mein pers\u00f6nliches Netzwerk!\u201c<\/p>\n<p>&nbsp;<\/p>\n<p>Sprachs und zog sich zur\u00fcck in seine Blase.<\/p>\n<p>&nbsp;<\/p>\n<p>Und so wundert es mich \u00fcberhaupt nicht mehr, dass im Gespr\u00e4ch mit einer Interim Managerin der j\u00fcngeren Generation am vergangenen Freitag dieser Satz fiel:<\/p>\n<p>&nbsp;<\/p>\n<p>\u201eDass die Interim Manager am beim Festakt am Freitagabend nicht noch Staubschichten auf ihren Anz\u00fcgen hatten, war alles!\u201c<\/p>\n<p>&nbsp;<\/p>\n<p>Wir sch\u00fctteln uns noch einmal\u2026<\/p>\n<p>&nbsp;<\/p>\n<p>Auch hier gilt also \u2013 vielleicht sogar besonders hier:<\/p>\n<p>&nbsp;<\/p>\n<p>Ein schriller Weckruf \u2013 auch f\u00fcr Interim Manager!<\/p>\n<p>&nbsp;<\/p>\n<p><span style=\"color: #808080;\">Cartoon mit freundlicher Genehmigung von <\/span><a href=\"https:\/\/grafikpolizei.wordpress.com\/?fbclid=IwAR17bIH8Mueu4l8tQ7IvStuoAlE43r0Kwi_3dkG3iX4Wm8lgpH5hAqt6u80\" target=\"_blank\" rel=\"noopener\"><span style=\"color: #808080;\">Knut Junker<\/span><\/a><\/p>\n<p>&nbsp;<\/p>\n","protected":false},"excerpt":{"rendered":"<p>Nein, ich m\u00f6chte keineswegs theatralisch wirken! Dennoch glaube ich zu sp\u00fcren, dass sich in den vergangenen zwei Wochen etwas dramatisch verschoben hat. &nbsp; Mag sein, dass ich mich t\u00e4usche, aber in der Vergangenheit hatte ich ein recht gutes Gesp\u00fcr f\u00fcr &hellip; <a href=\"https:\/\/www.manatnet.com\/blog\/2019\/05\/ein-schriller-weckruf-auch-fuer-interim-manager\/\">Weiterlesen <span class=\"meta-nav\">&rarr;<\/span><\/a><\/p>\n","protected":false},"author":3,"featured_media":0,"comment_status":"open","ping_status":"open","sticky":false,"template":"","format":"standard","meta":{"om_disable_all_campaigns":false,"_monsterinsights_skip_tracking":false,"_monsterinsights_sitenote_active":false,"_monsterinsights_sitenote_note":"","_monsterinsights_sitenote_category":0},"categories":[4],"tags":[57,24,46,32,20,56],"aioseo_notices":[],"_links":{"self":[{"href":"https:\/\/www.manatnet.com\/blog\/wp-json\/wp\/v2\/posts\/6395"}],"collection":[{"href":"https:\/\/www.manatnet.com\/blog\/wp-json\/wp\/v2\/posts"}],"about":[{"href":"https:\/\/www.manatnet.com\/blog\/wp-json\/wp\/v2\/types\/post"}],"author":[{"embeddable":true,"href":"https:\/\/www.manatnet.com\/blog\/wp-json\/wp\/v2\/users\/3"}],"replies":[{"embeddable":true,"href":"https:\/\/www.manatnet.com\/blog\/wp-json\/wp\/v2\/comments?post=6395"}],"version-history":[{"count":31,"href":"https:\/\/www.manatnet.com\/blog\/wp-json\/wp\/v2\/posts\/6395\/revisions"}],"predecessor-version":[{"id":6430,"href":"https:\/\/www.manatnet.com\/blog\/wp-json\/wp\/v2\/posts\/6395\/revisions\/6430"}],"wp:attachment":[{"href":"https:\/\/www.manatnet.com\/blog\/wp-json\/wp\/v2\/media?parent=6395"}],"wp:term":[{"taxonomy":"category","embeddable":true,"href":"https:\/\/www.manatnet.com\/blog\/wp-json\/wp\/v2\/categories?post=6395"},{"taxonomy":"post_tag","embeddable":true,"href":"https:\/\/www.manatnet.com\/blog\/wp-json\/wp\/v2\/tags?post=6395"}],"curies":[{"name":"wp","href":"https:\/\/api.w.org\/{rel}","templated":true}]}}