{"id":6183,"date":"2019-03-15T15:00:04","date_gmt":"2019-03-15T14:00:04","guid":{"rendered":"https:\/\/www.manatnet.com\/blog\/?p=6183"},"modified":"2024-09-18T10:48:32","modified_gmt":"2024-09-18T08:48:32","slug":"mehr-gibts-heute-nicht-zu-sagen","status":"publish","type":"post","link":"https:\/\/www.manatnet.com\/blog\/2019\/03\/mehr-gibts-heute-nicht-zu-sagen\/","title":{"rendered":"MEHR GIBT\u00b4S HEUTE NICHT ZU SAGEN \u2026"},"content":{"rendered":"<p><a href=\"https:\/\/www.manatnet.com\/blog\/wp-content\/uploads\/2019\/03\/MANATNET_Interim_Management_Blog_Titel_Mehr_gibts_heute_nicht_zu_sagen.jpg\" target=\"_blank\" rel=\"noopener\"><img decoding=\"async\" loading=\"lazy\" class=\"alignnone size-full wp-image-6184\" src=\"https:\/\/www.manatnet.com\/blog\/wp-content\/uploads\/2019\/03\/MANATNET_Interim_Management_Blog_Titel_Mehr_gibts_heute_nicht_zu_sagen_klein.jpg\" alt=\"Inte-rim_Management_Blog_Foto_Juergen_Becker_Kommunizierende_Statuene_Kampen\/Sylt_2018\" width=\"400\" height=\"300\" srcset=\"https:\/\/www.manatnet.com\/blog\/wp-content\/uploads\/2019\/03\/MANATNET_Interim_Management_Blog_Titel_Mehr_gibts_heute_nicht_zu_sagen_klein.jpg 400w, https:\/\/www.manatnet.com\/blog\/wp-content\/uploads\/2019\/03\/MANATNET_Interim_Management_Blog_Titel_Mehr_gibts_heute_nicht_zu_sagen_klein-300x225.jpg 300w\" sizes=\"(max-width: 400px) 100vw, 400px\" \/><\/a>Mein Providergesch\u00e4ft nimmt mich inzwischen deutlich weniger in Anspruch als noch vor zwei, drei Jahren. Selbstredend ist das darauf zur\u00fcckzuf\u00fchren, dass ich nur noch den Browser \u00f6ffne und die Interim ManagerInnen bei <a href=\"https:\/\/www.unitedinterim.com\/interim-manager.html\" target=\"_blank\" rel=\"noopener\">UNITEDINTERIM finde<\/a>, die ich meinem Kunden vorschlage: Fertig!<\/p>\n<p>&nbsp;<\/p>\n<p>Im Zweifel von Sylt aus\u2026<\/p>\n<p>&nbsp;<\/p>\n<p>Kein Erfassen neuer Interim ManagerInnen, keine neuen Vertr\u00e4ge mit eben diesen Interim Managern, keine Systeme, keine Software samt Weiterentwicklung, kein Back-up und Admin und keine Mitarbeiter.<\/p>\n<p>&nbsp;<\/p>\n<p>Stattdessen w\u00e4hle ich mich einfach ein!<\/p>\n<p>&nbsp;<\/p>\n<p>Das war von Beginn an der Sinn der Sache.<\/p>\n<p>&nbsp;<\/p>\n<p>Den mit weitem Abstand gr\u00f6\u00dfere Teil meines Arbeitsvolumens investiere ich folglich in <a href=\"https:\/\/www.unitedinterim.com\/\" target=\"_blank\" rel=\"noopener\">UNITEDINTERIM<\/a>. Manchmal frage ich mich durchaus: Was w\u00e4re, wenn ich diesen Teil meiner Arbeit jetzt in den Vertrieb bei MANATNET investierte\u2026<\/p>\n<p>&nbsp;<\/p>\n<p>Letztlich ist die Frage m\u00fc\u00dfig: Wenn ich meine Arbeit nicht in UNITEDINTERIM investieren w\u00fcrde, g\u00e4b\u00b4s das Unternehmen nicht.<\/p>\n<p>&nbsp;<\/p>\n<p>Es sieht derzeit so aus, als h\u00e4tte UNITEDINTERIM die Zeiten der Pr\u00fcgel und Beschimpfungen hinter sich gelassen: Nach rund zwei Jahren eine durchaus ermutigende Erkenntnis!<\/p>\n<p>&nbsp;<\/p>\n<p>Derzeit erkennen die ersten Provider die Vorteile, wie ich sie soeben f\u00fcr MANATNET skizziert habe. Dar\u00fcberhinaus sprechen uns Unternehmen an, die f\u00fcr ihr eigenes Projektgesch\u00e4ft Interim- und ProjektmanagerInnen ben\u00f6tigen, um eine Partnerschaft mit UNITEDINTERIM einzugehen. Der entscheidende Beweggrund hierf\u00fcr ist: Die Beschaffung \u00fcber Provider sehen sie als zu teuer an.<\/p>\n<p>&nbsp;<\/p>\n<p>\u201eAus pers\u00f6nlicher \u00dcberzeugung, dass Ihr Konzept das einzig faire und zuk\u00fcnftig marktkonforme ist, w\u00fcrde ich mit meinem Unternehmen gerne n\u00e4her mit Ihnen zusammenarbeiten!\u201c<\/p>\n<h2><strong>Fair und zuk\u00fcnftig marktkonform<\/strong><\/h2>\n<p>&nbsp;<\/p>\n<p>Donnerwetter!<\/p>\n<p>&nbsp;<\/p>\n<p>Das ist schon ein radikal anderer Ansatz als in jenen dunklen Tagen des Juli 2017: <a href=\"https:\/\/www.manatnet.com\/blog\/2017\/07\/sie-sind-wohl-nicht-ganz-gescheit-herr-interim-manager\/\" target=\"_blank\" rel=\"noopener\">\u201eSie sind wohl nicht gescheit, Herr Interim Manager!\u201c<\/a><\/p>\n<p>&nbsp;<\/p>\n<p>Es ist halt so in unserem Land \u2013 und wahrscheinlich auch in anderen L\u00e4ndern: Weil\u00b4s so urmenschlich ist. Ein archaisch bedingter Reflex: Neu? Vorsicht!<\/p>\n<p>&nbsp;<\/p>\n<p>Abstand halten: Das <a href=\"https:\/\/de.wikipedia.org\/wiki\/Smilodon\" target=\"_blank\" rel=\"noopener\">Smilodon<\/a> k\u00f6nnte mich fressen!<\/p>\n<p>&nbsp;<\/p>\n<p>Nun ist UNITEDINTERIM nicht mehr ganz neu. Und mit dem abnehmenden Grad des Neuen sinkt stets die Angst. Auch, weil sich die Berichte \u00fcber bluttriefende Smilodon-Attacken in Grenzen halten.<\/p>\n<p>&nbsp;<\/p>\n<p>Und in der Folge UNITEDINTERIM w\u00e4chst. Langsamer als wir gedacht haben. Aber es w\u00e4chst.<\/p>\n<p>&nbsp;<\/p>\n<p>An Interim Managern. An Kunden. An Partnern.<\/p>\n<p>&nbsp;<\/p>\n<p>Und das \u201eService Offering Portfolio\u201c w\u00e4chst auch. Ich liebe dieses Wort aus l\u00e4ngst vergangenen <a href=\"https:\/\/de.wikipedia.org\/wiki\/Debis_Systemhaus\" target=\"_blank\" rel=\"noopener\">debis Systemhaus<\/a>-Tagen: Interim Manager k\u00f6nnen Kollegen suchen f\u00fcr Projekte, die sie selbst nicht \u00fcbernehmen k\u00f6nnen, <a href=\"https:\/\/www.unitedinterim.com\/images\/stories\/pdf\/UNITEDINTERIM_VIDEOS_FUER_INTERIM_MANAGER.pdf\" target=\"_blank\" rel=\"noopener\">Video<\/a>, <a href=\"https:\/\/www.unitedinterim.com\/blogs.html\" target=\"_blank\" rel=\"noopener\">Blog<\/a> und <a href=\"https:\/\/www.unitedinterim.com\/glossar.html#item-390\" target=\"_blank\" rel=\"noopener\">PSA<\/a> sowie Einkaufsvorteile (z. B. bei Sixt), von denen viele noch nicht einmal geh\u00f6rt haben.<\/p>\n<p>&nbsp;<\/p>\n<p>Und die Zustimmung w\u00e4chst.<\/p>\n<p>&nbsp;<\/p>\n<p>So schrieb gestern eine neue Interim Managerin:<\/p>\n<p>&nbsp;<\/p>\n<p>\u201eLieber Herr Becker,<\/p>\n<p>&nbsp;<\/p>\n<p>das Engagement von Ihnen, Herrn Dr. Sch\u00f6nfeld und Ihrer Kolleginnen ist wirklich gro\u00dfartig. Es ist absolut zu sp\u00fcren, wie ernst sie alle die Unterst\u00fctzung Ihrer Mandanten nehmen und das ist sicher ein wichtiger Bestandteil des Erfolgs von UNITEDINTERIM. Ich bin wirklich begeistert!<\/p>\n<p>&nbsp;<\/p>\n<p>Toll! Und ganz herzlichen Dank!\u201c<\/p>\n<p>&nbsp;<\/p>\n<p>Mehr gibt es heute nicht zu sagen \u2026<\/p>\n<p>&nbsp;<\/p>\n","protected":false},"excerpt":{"rendered":"<p>Mein Providergesch\u00e4ft nimmt mich inzwischen deutlich weniger in Anspruch als noch vor zwei, drei Jahren. Selbstredend ist das darauf zur\u00fcckzuf\u00fchren, dass ich nur noch den Browser \u00f6ffne und die Interim ManagerInnen bei UNITEDINTERIM finde, die ich meinem Kunden vorschlage: Fertig! &hellip; <a href=\"https:\/\/www.manatnet.com\/blog\/2019\/03\/mehr-gibts-heute-nicht-zu-sagen\/\">Weiterlesen <span class=\"meta-nav\">&rarr;<\/span><\/a><\/p>\n","protected":false},"author":3,"featured_media":0,"comment_status":"open","ping_status":"open","sticky":false,"template":"","format":"standard","meta":{"om_disable_all_campaigns":false,"_monsterinsights_skip_tracking":false,"_monsterinsights_sitenote_active":false,"_monsterinsights_sitenote_note":"","_monsterinsights_sitenote_category":0},"categories":[4],"tags":[57,11,9,33,46,28,32,40,34],"aioseo_notices":[],"_links":{"self":[{"href":"https:\/\/www.manatnet.com\/blog\/wp-json\/wp\/v2\/posts\/6183"}],"collection":[{"href":"https:\/\/www.manatnet.com\/blog\/wp-json\/wp\/v2\/posts"}],"about":[{"href":"https:\/\/www.manatnet.com\/blog\/wp-json\/wp\/v2\/types\/post"}],"author":[{"embeddable":true,"href":"https:\/\/www.manatnet.com\/blog\/wp-json\/wp\/v2\/users\/3"}],"replies":[{"embeddable":true,"href":"https:\/\/www.manatnet.com\/blog\/wp-json\/wp\/v2\/comments?post=6183"}],"version-history":[{"count":9,"href":"https:\/\/www.manatnet.com\/blog\/wp-json\/wp\/v2\/posts\/6183\/revisions"}],"predecessor-version":[{"id":6197,"href":"https:\/\/www.manatnet.com\/blog\/wp-json\/wp\/v2\/posts\/6183\/revisions\/6197"}],"wp:attachment":[{"href":"https:\/\/www.manatnet.com\/blog\/wp-json\/wp\/v2\/media?parent=6183"}],"wp:term":[{"taxonomy":"category","embeddable":true,"href":"https:\/\/www.manatnet.com\/blog\/wp-json\/wp\/v2\/categories?post=6183"},{"taxonomy":"post_tag","embeddable":true,"href":"https:\/\/www.manatnet.com\/blog\/wp-json\/wp\/v2\/tags?post=6183"}],"curies":[{"name":"wp","href":"https:\/\/api.w.org\/{rel}","templated":true}]}}