{"id":5785,"date":"2018-10-12T15:00:33","date_gmt":"2018-10-12T13:00:33","guid":{"rendered":"https:\/\/www.manatnet.com\/blog\/?p=5785"},"modified":"2024-09-18T10:56:51","modified_gmt":"2024-09-18T08:56:51","slug":"dieser-weg-wird-kein-leichter-sein","status":"publish","type":"post","link":"https:\/\/www.manatnet.com\/blog\/2018\/10\/dieser-weg-wird-kein-leichter-sein\/","title":{"rendered":"DIESER WEG WIRD KEIN LEICHTER SEIN!"},"content":{"rendered":"<p><a href=\"https:\/\/www.manatnet.com\/blog\/wp-content\/uploads\/2018\/10\/Dieser_Weg_wird_kein_leichter_sein.jpg\" target=\"_blank\" rel=\"noopener\"><img decoding=\"async\" loading=\"lazy\" class=\"alignnone size-full wp-image-5786\" src=\"https:\/\/www.manatnet.com\/blog\/wp-content\/uploads\/2018\/10\/Dieser_Weg_wird_kein_leichter_sein_klein.jpg\" alt=\"Inte-rim_Management_Blog_Foto_Juergen_Becker_Michelangelos_David_Ausschnitt_rechte_Hand\" width=\"400\" height=\"533\" srcset=\"https:\/\/www.manatnet.com\/blog\/wp-content\/uploads\/2018\/10\/Dieser_Weg_wird_kein_leichter_sein_klein.jpg 400w, https:\/\/www.manatnet.com\/blog\/wp-content\/uploads\/2018\/10\/Dieser_Weg_wird_kein_leichter_sein_klein-225x300.jpg 225w\" sizes=\"(max-width: 400px) 100vw, 400px\" \/><\/a>Selbstverst\u00e4ndlich wurde ich am vergangenen Freitag und Samstag angesprochen: \u201eKein Blog, Herr Becker\u2026?\u201c<\/p>\n<p>&nbsp;<\/p>\n<p>Nein, kein Blog. Ich habe f\u00fcr mich entschieden: Ich schreib\u2018 keinen Blog mehr, wenn ich im \u201eUrlaub\u201c bin.<\/p>\n<p>&nbsp;<\/p>\n<p>Ja ich wei\u00df, meine Frau liest meine Blogbeitr\u00e4ge \u2013 und wird beim Begriff \u201eUrlaub\u201c in schallendes Gel\u00e4chter ausbrechen! Denn das Mail-Stakkato klatschte mit unver\u00e4nderter Frequenz in meiner Inbox auf! Der Ausschaltknopf am Smartphone fungierte als Schleuse nur stundeweise \u2013 allein, um sich danach brachialen Flutwellen zu \u00f6ffnen\u2026<\/p>\n<p>&nbsp;<\/p>\n<p>Nun, wie auch immer: Ich war in Florenz!<\/p>\n<p>&nbsp;<\/p>\n<p>Als wohl gr\u00f6\u00dfter <a href=\"https:\/\/de.wikipedia.org\/wiki\/Michelangelo\" target=\"_blank\" rel=\"noopener\">Michelangelo<\/a>-Fan in der <a href=\"https:\/\/de.wikipedia.org\/wiki\/Ortenau\" target=\"_blank\" rel=\"noopener\">Ortenau<\/a> war diese Reise ein Pflichttermin \u2013 nachdem der letzte Besuch rund drei\u00dfig Jahre zur\u00fcckliegt. Und ich seinerzeit <a href=\"https:\/\/de.wikipedia.org\/wiki\/David_(Michelangelo)\" target=\"_blank\" rel=\"noopener\">Michelangelos David<\/a> nicht sehen konnte.<\/p>\n<p>&nbsp;<\/p>\n<p>Dies galt es unbedingt nachzuholen!<\/p>\n<p>&nbsp;<\/p>\n<p>Nun, er hat sich offensichtlich kein bisschen ver\u00e4ndert \u2013 der David!<\/p>\n<p>&nbsp;<\/p>\n<p>Erschaffen zwischen 1501 und 1504. Steht er da, geschaffen von einem einzigen, besessenen Menschen \u2013 dem man heutzutage sicher den Begriff \u201eWorkaholic\u201c spendieren w\u00fcrde.<\/p>\n<p>&nbsp;<\/p>\n<p>Geschaffen aus einem \u00fcber f\u00fcnf Meter langen und 12 Tonnen schweren Marmorblock aus Carrara!<\/p>\n<p>&nbsp;<\/p>\n<p>Das war schon ein nickeliger Auftrag f\u00fcr eine monumentale Davidstatue, den 1501 die einflussreiche Arte Della Lana, die Wollweberzunft, in Florenz an Michelangelo vergab!<\/p>\n<p>&nbsp;<\/p>\n<p>Vor meinem geistigen Auge erlebe ich diesen Dialog:<\/p>\n<p>&nbsp;<\/p>\n<p>\u201eEinzige Bedingung, Michelangelo: Du musst den Marmorblock verwenden, der seit Jahrzehnten nutzlos neben dem Duomo verrottet!\u201c<\/p>\n<p>&nbsp;<\/p>\n<p>\u201eAber, Signori! Jeder wei\u00df, dass dieser Block fehlerhaft ist \u2013 und damit f\u00fcr eine monumentale Skulptur v\u00f6llig ungeeignet. Er wird zerspringen!\u201c<\/p>\n<p>&nbsp;<\/p>\n<p>\u201eThat\u00b4s the deal, Michelangelo!\u201d<\/p>\n<p>&nbsp;<\/p>\n<p>\u201cBuono. Dann sei\u00b4s so!\u201c<\/p>\n<p>&nbsp;<\/p>\n<p>Wikipedia schreibt:<\/p>\n<p>&nbsp;<\/p>\n<p><em>\u201eSie wurde aus einem riesigen Marmorblock gehauen, den ein anderer Bildhauer, <a href=\"https:\/\/de.wikipedia.org\/wiki\/Agostino_di_Duccio\" target=\"_blank\" rel=\"noopener\">Agostino di Duccio<\/a>, 40 Jahre zuvor erfolglos zu bearbeiten begonnen hatte und der seitdem nutzlos herumlag. Es gelang Michelangelo, ohne R\u00fccksichtnahme auf die traditionelle Behandlung des Themas oder den historischen Charakter seines Helden, einen jugendlichen, d\u00fcsteren Koloss herauszumei\u00dfeln, wachsam gespannt und ausgeglichen vor seiner gro\u00dfen Tat.\u201c<\/em><\/p>\n<p>&nbsp;<\/p>\n<p>Vor meinem geistigen Auge erscheinen sie alle \u2013 die Mahner damals, die Warner und Reichsbedenkentr\u00e4ger:<\/p>\n<p>&nbsp;<\/p>\n<p>\u201eHey, Michelangelo, Du bist ja nicht ganz gescheit!\u201c<\/p>\n<p>&nbsp;<\/p>\n<p>\u201eJeder wei\u00df, dass das nicht funktionieren kann!\u201c<\/p>\n<p>&nbsp;<\/p>\n<p>\u201eLass es! Das kann nichts werden! Du wirst zum Gesp\u00f6tt der Leute.\u201c<\/p>\n<p>&nbsp;<\/p>\n<p>\u201eDas gef\u00e4hrdet Deinen Deal mit Kardinal <a href=\"https:\/\/de.wikipedia.org\/wiki\/Pius_III.\" target=\"_blank\" rel=\"noopener\">Francesco Piccolomini<\/a> in Siena: Das wird Dich ruinieren!\u201c<\/p>\n<h2><strong>Welch eine intellektuelle Leistung!<\/strong><\/h2>\n<p>&nbsp;<\/p>\n<p>Nun steht er da! Seit Jahrhunderten. Geschaffen von einem Mann, der es dennoch wagte!<\/p>\n<p>&nbsp;<\/p>\n<p>Der vor allem neu dachte \u2013 thematisch (Nicht der Sieg des David wurde dargestellt, wie bisher \u00fcblich, sondern die Spannung vor dem Kampf) und formal (Nur der angewinkelte Arm lie\u00df wohl die Fehler im Stein wirkungslos).<\/p>\n<p>&nbsp;<\/p>\n<p>Das Ergebnis ist heute die bekannteste Skulptur der Kunstgeschichte.<\/p>\n<p>&nbsp;<\/p>\n<p>Und das sp\u00fcrst Du, wenn Du vor dieser Monumental-Statue stehst \u2013 und auch nur ein Minimum an Bildung mitbringst. Ich gehe so weit zu behaupten: Wenn Du nicht aufpasst, f\u00fchlst Du Dich wie ein Wurm angesichts dieses Werks!<\/p>\n<p>&nbsp;<\/p>\n<p>Der David hat sich in satten f\u00fcnfhundert Jahren nicht ver\u00e4ndert. Die Welt um ihn jedoch sehr wohl.<\/p>\n<p>&nbsp;<\/p>\n<p>Und so f\u00e4llt Dir bereits am Anfang des Saals die \u201eSelfie-Mania\u201c auf. Gut, schon immer war es Usus, diese \u00fcberragenden Motive zu fotografieren, mit heimzunehmen und die Erinnerung auf diese Weise l\u00e4nger frisch zu halten.<\/p>\n<p>&nbsp;<\/p>\n<p>Man fotografierte den David.<\/p>\n<p>&nbsp;<\/p>\n<p>Heute ist das anders! Heute fotografiert man sich selbst \u2013 gemeinsam mit dem David!<\/p>\n<p>&nbsp;<\/p>\n<p>Ein unumst\u00f6\u00dflicher Beweis f\u00fcr jedermann: Ich war da! F\u00fcrs Posten bei Facebook, Instagram &amp; Co.! Stets (gezwungenerma\u00dfen) aus Untersicht und mit ungez\u00e4hlten anderen Selfie-Fans an den Bildr\u00e4ndern. Macht nix. Wei\u00dfabgleich? Macht mein Smartphone automatisch\u2026<\/p>\n<p>&nbsp;<\/p>\n<p>Ein Festival der Belanglosigkeit!<\/p>\n<p>&nbsp;<\/p>\n<p>Okay, Becker: Wieder mal \u00fcberragend \u2013 aber was hat das mit dem Interim-Business zu tun?<\/p>\n<p>&nbsp;<\/p>\n<p>Auf den ersten Blick vielleicht nichts.<\/p>\n<p>&nbsp;<\/p>\n<p>Auf den zweiten dann durchaus!<\/p>\n<p>&nbsp;<\/p>\n<p>Um wirklich Neues, vielleicht Gro\u00dfes zu schaffen, musst Du v\u00f6llig neu denken und musst neue, andere Wege beschreiten &#8211; jenseits des Vertrauten. Du wirst auf diesem Weg viele Menschen treffen, die Dich vor diesem Weg warnen, mitunter davon sogar abbringen wollen. Die Dich verlachen, kritisieren &#8211; und einige werden Dich sogar beschimpfen! Mit einem Wort:<\/p>\n<p>&nbsp;<\/p>\n<p>Dieser Weg wird kein leichter sein!<\/p>\n<p>&nbsp;<\/p>\n<p>PS: F\u00fcr meine Leser mit Facebook-Account: <a href=\"https:\/\/www.facebook.com\/manatnet\/media_set?set=a.2020637701315837&amp;type=3\" target=\"_blank\" rel=\"noopener\">My tribute to Michelangelo&#8217;s David<\/a><\/p>\n","protected":false},"excerpt":{"rendered":"<p>Selbstverst\u00e4ndlich wurde ich am vergangenen Freitag und Samstag angesprochen: \u201eKein Blog, Herr Becker\u2026?\u201c &nbsp; Nein, kein Blog. Ich habe f\u00fcr mich entschieden: Ich schreib\u2018 keinen Blog mehr, wenn ich im \u201eUrlaub\u201c bin. &nbsp; Ja ich wei\u00df, meine Frau liest meine &hellip; <a href=\"https:\/\/www.manatnet.com\/blog\/2018\/10\/dieser-weg-wird-kein-leichter-sein\/\">Weiterlesen <span class=\"meta-nav\">&rarr;<\/span><\/a><\/p>\n","protected":false},"author":3,"featured_media":0,"comment_status":"open","ping_status":"open","sticky":false,"template":"","format":"standard","meta":{"om_disable_all_campaigns":false,"_monsterinsights_skip_tracking":false,"_monsterinsights_sitenote_active":false,"_monsterinsights_sitenote_note":"","_monsterinsights_sitenote_category":0},"categories":[4],"tags":[42,29,18,32,52,56,34],"aioseo_notices":[],"_links":{"self":[{"href":"https:\/\/www.manatnet.com\/blog\/wp-json\/wp\/v2\/posts\/5785"}],"collection":[{"href":"https:\/\/www.manatnet.com\/blog\/wp-json\/wp\/v2\/posts"}],"about":[{"href":"https:\/\/www.manatnet.com\/blog\/wp-json\/wp\/v2\/types\/post"}],"author":[{"embeddable":true,"href":"https:\/\/www.manatnet.com\/blog\/wp-json\/wp\/v2\/users\/3"}],"replies":[{"embeddable":true,"href":"https:\/\/www.manatnet.com\/blog\/wp-json\/wp\/v2\/comments?post=5785"}],"version-history":[{"count":11,"href":"https:\/\/www.manatnet.com\/blog\/wp-json\/wp\/v2\/posts\/5785\/revisions"}],"predecessor-version":[{"id":5798,"href":"https:\/\/www.manatnet.com\/blog\/wp-json\/wp\/v2\/posts\/5785\/revisions\/5798"}],"wp:attachment":[{"href":"https:\/\/www.manatnet.com\/blog\/wp-json\/wp\/v2\/media?parent=5785"}],"wp:term":[{"taxonomy":"category","embeddable":true,"href":"https:\/\/www.manatnet.com\/blog\/wp-json\/wp\/v2\/categories?post=5785"},{"taxonomy":"post_tag","embeddable":true,"href":"https:\/\/www.manatnet.com\/blog\/wp-json\/wp\/v2\/tags?post=5785"}],"curies":[{"name":"wp","href":"https:\/\/api.w.org\/{rel}","templated":true}]}}