{"id":5757,"date":"2018-09-28T15:00:32","date_gmt":"2018-09-28T13:00:32","guid":{"rendered":"https:\/\/www.manatnet.com\/blog\/?p=5757"},"modified":"2024-09-18T10:57:10","modified_gmt":"2024-09-18T08:57:10","slug":"womoeglich-lernen-provider-von-der-photokina","status":"publish","type":"post","link":"https:\/\/www.manatnet.com\/blog\/2018\/09\/womoeglich-lernen-provider-von-der-photokina\/","title":{"rendered":"WOM\u00d6GLICH LERNEN PROVIDER VON DER PHOTOKINA!"},"content":{"rendered":"<p><a href=\"https:\/\/www.manatnet.com\/blog\/wp-content\/uploads\/2018\/09\/MANATNET_Interim_Management_Blog_Titel_Womoeglich_lernen_Provider_von_der_Photokina.png\" target=\"_blank\" rel=\"noopener\"><img decoding=\"async\" loading=\"lazy\" class=\"alignnone size-full wp-image-5759\" src=\"https:\/\/www.manatnet.com\/blog\/wp-content\/uploads\/2018\/09\/MANATNET_Interim_Management_Blog_Titel_Womoeglich_lernen_Provider_von_der_Photokina_klein.png\" alt=\"Interim_Management_Blog_Foto_Juergen_Becker_Light_and_Shadow_Photokina_2018\" width=\"400\" height=\"300\" srcset=\"https:\/\/www.manatnet.com\/blog\/wp-content\/uploads\/2018\/09\/MANATNET_Interim_Management_Blog_Titel_Womoeglich_lernen_Provider_von_der_Photokina_klein.png 400w, https:\/\/www.manatnet.com\/blog\/wp-content\/uploads\/2018\/09\/MANATNET_Interim_Management_Blog_Titel_Womoeglich_lernen_Provider_von_der_Photokina_klein-300x225.png 300w\" sizes=\"(max-width: 400px) 100vw, 400px\" \/><\/a>Gestern habe ich \u2013 wie alle zwei Jahre \u2013 die Photokina in K\u00f6ln besucht. Ich besuche die Photokina seit Anfang der 70er Jahre und ich habe somit die Entwicklung der Foto-Industrie \u00fcber einen Zeitraum von nahezu 50 Jahren verfolgen k\u00f6nnen.<\/p>\n<p>&nbsp;<\/p>\n<p>F\u00fcr mich lautet die Quintessenz aus all diesen fast 50 Jahren: Wenn irgendwo die Wucht einer disruptiven Entwicklung zu sehen ist, dann hier!<\/p>\n<p>&nbsp;<\/p>\n<p>Die erste H\u00e4lfte dieser 50 Jahre war bestimmt durch Firmen wie Braun, Contax, Minox, Rollei, Voigt\u00e4nder, Yashica, Zeiss-Ikon, Agfa, Kodak, Ilford, Tetenal oder Durst. Ich habe bewusst diese Namen gew\u00e4hlt, denn fast ausnahmlos sind sie vom Markt verschwunden (und wenn nicht, dann haben sie ihre einst starke Position eingeb\u00fc\u00dft) \u2013 vornweg der einstige Weltmarktf\u00fchrer Kodak.<\/p>\n<p>&nbsp;<\/p>\n<p>Die Gr\u00fcnde sind sicher mannigfach. Dennoch lassen sie sich letztlich auf eine v\u00f6llige Fehleinsch\u00e4tzung zur\u00fcckf\u00fchren: \u201eDigitale Fotografie? Neumodischer Kram! Brauche mer net! Wir bleiben beim Silber-Halogenid!\u201c<\/p>\n<p>&nbsp;<\/p>\n<p>Heute charakterisieren neben den &#8222;traditionellen&#8220; Biggies, von denen niemand mehr analoge Kameras herstellt (z. B. Canon, Nikon, Olympus), viele neue Namen die Messe \u2013 z. B. Sony \u2013 ein Mischkonzern \u2013 vor allem aber: Handyhersteller! Dass dies einmal so kommen w\u00fcrde, h\u00e4tten wir in den Anf\u00e4ngen meiner Fotozeit m\u00fcde bel\u00e4chelt \u2013 was sage ich: Das war zu Zeiten der Telefone mit W\u00e4hlscheibe und Kupferdraht-Wand-Anschluss einfach jenseits jeden Vorstellungsverm\u00f6gens!<\/p>\n<p>&nbsp;<\/p>\n<p>Jenseits jeden Vorstellungsverm\u00f6gens\u2026<\/p>\n<p>&nbsp;<\/p>\n<p>Und doch ist es so gekommen. Ebenso, wie schier unglaubliche, auch hier das damalige Vorstellungsverm\u00f6gen bei Weitem \u00fcbersteigende technische Innovationen: Vom Live-View \u00fcber Kontrast-Autofokus und Pixel-Shift bis zur F\u00fcnf-Achsen-Bildstabilisierung.<\/p>\n<h2><strong>V\u00f6llig neue Angebote w\u00e4hrend der Messe<\/strong><\/h2>\n<p>&nbsp;<\/p>\n<p>Mir ganz pers\u00f6nlich f\u00e4llt jedoch auf, dass die gro\u00dfen Anbieter l\u00e4ngst mehr machen, als tumb ihre Produkte am Stand zu zeigen und anfassen zu lassen!<\/p>\n<p>&nbsp;<\/p>\n<p>Sie runden ihr technisches Messeangebot ab durch Vortr\u00e4ge (z. B. ein Stern-Fotograf zum Thema \u201eFoto-Reportage\u201c andere zum Thema \u201eElemente\u201c oder \u201eVideos\u201c), Workshops (z. B. \u201eBildkomposition\u201c, \u201eDos and Don\u00b4ts\u201c bei Instagram oder \u201eArbeiten mit Blitz\u201c). Oder aber, indem man die Meute ganz dicht an professionelle, im wahren Wortsinne \u201ebildsch\u00f6ne\u201c Models heranl\u00e4sst, die eigens f\u00fcr solche Shootings engagiert werden.<\/p>\n<p>&nbsp;<\/p>\n<p>Sp\u00e4testens dann f\u00fchlt sich Otto-Normal-Foto-Amateur f\u00fcr eine wertvolle Zeit als kleiner <a href=\"https:\/\/www.berlin.de\/museum\/3109973-2926344-museum-fuer-fotografie-helmut-newton-sti.html\" target=\"_blank\" rel=\"noopener\">Helmut Newton<\/a> \u2013 und geht beschwingt und \u00fcbergl\u00fccklich mit einem \u201eShot\u201c heim, von dem er noch lange zehren wird.<\/p>\n<p>&nbsp;<\/p>\n<p>Das erkl\u00e4rt zudem, weshalb \u00fcberragend viele Messebesucher ihre eigene Kamera dabei haben.<\/p>\n<p>&nbsp;<\/p>\n<p>Den Vogel abgeschossen hat Olympus, die nahezu eine komplette Halle mit einem <a href=\"http:\/\/www.photokina.de\/events\/veranstaltungen-2018\/olympus-perspective-playground\/olympus-perspective-playground.php\" target=\"_blank\" rel=\"noopener\">\u201ePlayground\u201c<\/a> (Spielwiese aus Formen, Farben, Licht und Spiegeln) ausgestattet\u00a0 und einen gef\u00fchlten Tieflader voll Kameras mitgebracht hatten \u2013 zum Ausleihen und \u201eSpielen\u201c! Es versteht sich von selbst, dass Menschenschlangen die Eing\u00e4nge zierten. Mein heutiges Foto ist am Rande dieses Playgrounds entstanden \u2013 mit meinem IPhone: Kamera und 40-150mm Zoom waren zu dieser Zeit bei Olympus zum kostenlosen (!) Check.<\/p>\n<p>&nbsp;<\/p>\n<p>Warum schreibe ich das hier in meinem Interim Management-Blog?<\/p>\n<p>&nbsp;<\/p>\n<p>Weil alle anderen Industrien\u00a0 in den kommenden Jahren \u00e4hnliche Umw\u00e4lzungen durchlaufen werden! Das ist unstrittig, denke ich.<\/p>\n<h2><strong>Interim-Provider mitten im Change-Prozess<\/strong><\/h2>\n<p>&nbsp;<\/p>\n<p>Das gilt selbstverst\u00e4ndlich auch f\u00fcr das Interim-Business. Und damit auch f\u00fcr die Provider. Interim Provider, die heute auf eine \u201eWeitermachen wie bisher\u201c-Strategie setzen, werden sich in die lange Liste der oben genannten Unternehmen einreihen. Davon bin ich zutiefst \u00fcberzeugt.<\/p>\n<p>&nbsp;<\/p>\n<p>Ich sage jedoch keineswegs, dass die Interim-Provider keine Bedeutung mehr haben werden!<\/p>\n<p>&nbsp;<\/p>\n<p>Diese Meinung habe ich in der Vergangenheit nicht vertreten \u2013 und ich vertrete sie auch heute nicht. Auch wenn mir das gern angeh\u00e4ngt wird \u2013 und ich in der Folge f\u00fcr dieses Anh\u00e4ngsel dann heftig kritisiert werde.<\/p>\n<p>&nbsp;<\/p>\n<p>Achtung, aufgepasst: Wenn das meine \u00dcberzeugung w\u00e4re, dann h\u00e4tte ich doch zwingend MANATNET zusperren m\u00fcssen!<\/p>\n<p>&nbsp;<\/p>\n<p>Habe ich aber nicht\u2026<\/p>\n<p>&nbsp;<\/p>\n<p>Stattdessen habe ich MANATNET vom Provider mit Marktplatz zum reinen Interim-Dienstleister f\u00fcr Interim-Mandate im Umfeld der Digitalisierung (im Mittelstand) umgebaut \u2013 und das alles ohne eigenen Pool!<\/p>\n<p>&nbsp;<\/p>\n<p>Denn das ist der Kern meines Credos: Das \u201eWeitermachen wie bisher\u201c hat keine Zukunft, weil ich das reine Vermitteln (vulgo Kandidaten vorstellen) nicht l\u00e4nger f\u00fcr eine Wertsch\u00f6pfung an sich halte. Und weil ich nicht glaube, dass die Kunden dauerhaft daf\u00fcr bezahlen werden \u2013 denn das tun sie sonst auch nicht (Ja ich wei\u00df: \u201eDas Interim-Business ist v\u00f6llig anders!\u201c).<\/p>\n<p>&nbsp;<\/p>\n<p>Aber ich bin vollkommen davon \u00fcberzeugt, dass smarte Interim-Provider Angebote schneidern werden, die ihre Kunden brauchen, gut finden und deshalb auch honorieren werden.<\/p>\n<p>&nbsp;<\/p>\n<p>Auf den Punkt und nicht neu: <a href=\"https:\/\/www.manatnet.com\/blog\/2017\/05\/interim-provider-stehen-mitten-im-change-prozess\/\" target=\"_blank\" rel=\"noopener\">Interim-Provider stehen mitten in einem Change-Prozess<\/a>. Der Vorteil der Provider: Sie haben in den vergangenen Jahren zwischen <a href=\"https:\/\/www.unitedinterim.com\/images\/Projekt_Arten.PNG\" target=\"_blank\" rel=\"noopener\">17 und 23 Prozent aller Projekte<\/a> im Change-Management gemacht (Quelle: <a href=\"http:\/\/www.aimp.de\/aimp-umfragen\/aktuelle-aimp-umfragen\/\" target=\"_blank\" rel=\"noopener\">AIMP-Providerumfrage<\/a>) \u2013 und somit zahlreiche solcher Ver\u00e4nderungs-Projekte ihrer Kunden mit Interim Managern begleitet. Sie betreten somit keineswegs Neuland, sondern sie kennen sich aus. Das macht doch Mut!<\/p>\n<p>&nbsp;<\/p>\n<p>Sicher: Hierf\u00fcr brauchts eine geh\u00f6rige Portion Kreativit\u00e4t, aber warum in Gottes Namen sollten nicht auch die Interim-Provider Kreativit\u00e4t entwickeln, wenn sie dazu gezwungen werden?<\/p>\n<p>&nbsp;<\/p>\n<p>Und von anderen lernen. Vielleicht sogar von anderen Branchen.<\/p>\n<p>&nbsp;<\/p>\n<p>Und wer wei\u00df:<\/p>\n<p>&nbsp;<\/p>\n<p>Wom\u00f6glich lernen Provider von der Photokina!<\/p>\n<p>&nbsp;<\/p>\n","protected":false},"excerpt":{"rendered":"<p>Gestern habe ich \u2013 wie alle zwei Jahre \u2013 die Photokina in K\u00f6ln besucht. Ich besuche die Photokina seit Anfang der 70er Jahre und ich habe somit die Entwicklung der Foto-Industrie \u00fcber einen Zeitraum von nahezu 50 Jahren verfolgen k\u00f6nnen. &hellip; <a href=\"https:\/\/www.manatnet.com\/blog\/2018\/09\/womoeglich-lernen-provider-von-der-photokina\/\">Weiterlesen <span class=\"meta-nav\">&rarr;<\/span><\/a><\/p>\n","protected":false},"author":3,"featured_media":0,"comment_status":"open","ping_status":"open","sticky":false,"template":"","format":"standard","meta":{"om_disable_all_campaigns":false,"_monsterinsights_skip_tracking":false,"_monsterinsights_sitenote_active":false,"_monsterinsights_sitenote_note":"","_monsterinsights_sitenote_category":0},"categories":[4],"tags":[26,13,57,9,33,46,28,47,32,40,38,34],"aioseo_notices":[],"_links":{"self":[{"href":"https:\/\/www.manatnet.com\/blog\/wp-json\/wp\/v2\/posts\/5757"}],"collection":[{"href":"https:\/\/www.manatnet.com\/blog\/wp-json\/wp\/v2\/posts"}],"about":[{"href":"https:\/\/www.manatnet.com\/blog\/wp-json\/wp\/v2\/types\/post"}],"author":[{"embeddable":true,"href":"https:\/\/www.manatnet.com\/blog\/wp-json\/wp\/v2\/users\/3"}],"replies":[{"embeddable":true,"href":"https:\/\/www.manatnet.com\/blog\/wp-json\/wp\/v2\/comments?post=5757"}],"version-history":[{"count":22,"href":"https:\/\/www.manatnet.com\/blog\/wp-json\/wp\/v2\/posts\/5757\/revisions"}],"predecessor-version":[{"id":5782,"href":"https:\/\/www.manatnet.com\/blog\/wp-json\/wp\/v2\/posts\/5757\/revisions\/5782"}],"wp:attachment":[{"href":"https:\/\/www.manatnet.com\/blog\/wp-json\/wp\/v2\/media?parent=5757"}],"wp:term":[{"taxonomy":"category","embeddable":true,"href":"https:\/\/www.manatnet.com\/blog\/wp-json\/wp\/v2\/categories?post=5757"},{"taxonomy":"post_tag","embeddable":true,"href":"https:\/\/www.manatnet.com\/blog\/wp-json\/wp\/v2\/tags?post=5757"}],"curies":[{"name":"wp","href":"https:\/\/api.w.org\/{rel}","templated":true}]}}