{"id":5553,"date":"2018-07-06T15:00:38","date_gmt":"2018-07-06T13:00:38","guid":{"rendered":"https:\/\/www.manatnet.com\/blog\/?p=5553"},"modified":"2024-09-18T11:08:09","modified_gmt":"2024-09-18T09:08:09","slug":"vom-scheitern-des-providers-ein-haar-in-der-suppe-zu-finden","status":"publish","type":"post","link":"https:\/\/www.manatnet.com\/blog\/2018\/07\/vom-scheitern-des-providers-ein-haar-in-der-suppe-zu-finden\/","title":{"rendered":"VOM SCHEITERN DES PROVIDERS, EIN HAAR IN DER SUPPE ZU FINDEN"},"content":{"rendered":"<p><a href=\"https:\/\/www.manatnet.com\/blog\/wp-content\/uploads\/2018\/07\/MANATNET_Interim_Management_Blog_vom_Scheitern_des_Providers_ein_Haar_in_der_Suppe_zu_finden.jpg\" target=\"_blank\" rel=\"noopener\"><img decoding=\"async\" loading=\"lazy\" class=\"alignnone size-full wp-image-5555\" src=\"https:\/\/www.manatnet.com\/blog\/wp-content\/uploads\/2018\/07\/MANATNET_Interim_Management_Blog_vom_Scheitern_des_Providers_ein_Haar_in_der_Suppe_zu_finden_klein.jpg\" alt=\"Interim_Management_Blog_Foto_Juergen_Becker_Grafitti_Westerland_Sylte_2017\" width=\"400\" height=\"300\" srcset=\"https:\/\/www.manatnet.com\/blog\/wp-content\/uploads\/2018\/07\/MANATNET_Interim_Management_Blog_vom_Scheitern_des_Providers_ein_Haar_in_der_Suppe_zu_finden_klein.jpg 400w, https:\/\/www.manatnet.com\/blog\/wp-content\/uploads\/2018\/07\/MANATNET_Interim_Management_Blog_vom_Scheitern_des_Providers_ein_Haar_in_der_Suppe_zu_finden_klein-300x225.jpg 300w\" sizes=\"(max-width: 400px) 100vw, 400px\" \/><\/a>Heute wei\u00df ich gar nicht, wo ich anfangen soll: So viele Blog-werte Themen flattern hier auf meinen Tisch.<\/p>\n<p>&nbsp;<\/p>\n<p>Ein sensationelles Thema ist f\u00fcr den kommenden Freitag darunter. Ich freue mich bereits jetzt darauf, das in Worte zu kleiden und mit meinen Lesern in der kommenden Woche teilen zu d\u00fcrfen.<\/p>\n<p>&nbsp;<\/p>\n<p>Ich bitte um Nachsicht, denn ich muss noch einmal auf die <a href=\"https:\/\/www.unitedinterim.com\/glossar.html\" target=\"_blank\" rel=\"noopener\">Pers\u00f6nlichkeits-Struktur-Analyse<\/a> eingehen, die wir seit dem Relaunch von UNITEDINTERIM anbieten. Die Interim Manager reagieren \u00fcber alle Ma\u00dfen positiv auf dieses in der deutsch-sprachigen Interim-Welt einzigartige Angebot. Folglich ist das erste Kontingent der Zugangs-Codes, die wir f\u00fcr die Interim Manager erworben haben, praktisch ausgesch\u00f6pft.<\/p>\n<p>&nbsp;<\/p>\n<p>Wir werden nachlegen m\u00fcssen.<\/p>\n<p>&nbsp;<\/p>\n<p>Professionelle Interim Manager gehen aufmerksam, einem Seismographen gleich, durch die Welt \u2013 stets auf der Suche nach etwas Neuem, das sie f\u00fcr ihr Gesch\u00e4ft aufsaugen k\u00f6nnen, das ihnen Wettbewerbsvorteile bietet. Und idealerweise f\u00fcr ihre eigenen Unternehmens-Kunden wichtig sein kann.<\/p>\n<h2><strong>Ein Gespr\u00e4ch \u2013 noch vor dem Kaffee zu Ende<\/strong><\/h2>\n<p>&nbsp;<\/p>\n<p>M\u00f6glicherweise haben die Interim Manager daher das Interview gelesen, das Thomas Belker, Personalchef der Talanx-Versicherung, \u00fcber Precire (die Software, die in zehn Minuten die Pers\u00f6nlichkeit eines Bewerbers durchanalysiert), dem Tagesspiegel gegeben hat: <a href=\"https:\/\/www.tagesspiegel.de\/wirtschaft\/kuenstliche-intelligenz-der-algorithmus-kann-42-dimensionen-einer-persoenlichkeit-messen\/22756300.html\" target=\"_blank\" rel=\"noopener\">\u201eDer Algorithmus kann 42 Dimensionen einer Pers\u00f6nlichkeit messen\u201c<\/a>.<\/p>\n<p>&nbsp;<\/p>\n<p>Also Leute: Es tut sich was! Seid neugierig! Schaut Euch an, was hier geschieht \u2013 und fragt Euch, welche Auswirkungen das auf Euer Gesch\u00e4ft haben wird. Und seid sicher: Es wird Auswirkungen haben!<\/p>\n<p>&nbsp;<\/p>\n<p>Ich kann mir gut vorstellen, wie Herr Belker im Akquisitionsgespr\u00e4ch reagieren w\u00fcrde \u2013 auf das traditionelle Verkaufsargument der Provider-Gilde:<\/p>\n<p>&nbsp;<\/p>\n<p>\u201eWir kennen alle unsere Interim Manager pers\u00f6nlich und k\u00f6nnen Ihnen deshalb stets den Kandidaten empfehlen, der auf Ihre ganz besondere Aufgabenstellung am besten passt\u2026\u201c<\/p>\n<p>&nbsp;<\/p>\n<p>Ich denke, Herr Belker ist ein feiner Mensch \u2013 und w\u00fcrde deshalb in aller Freundlichkeit den gemeinsamen Kaffee wohl zu Ende trinken \u2013 ohne seinem Gegen\u00fcber auch nur zur signalisieren, dass f\u00fcr ihn das Gespr\u00e4ch l\u00e4ngst beendet w\u00e4re\u2026.<\/p>\n<p>&nbsp;<\/p>\n<p>Grundlegend auseinanderdriftende Denkwelten waren noch nie eine gesunde Grundlage f\u00fcr eine belastbare Zusammenarbeit: In der Festanstellung nicht und im Interim Management schon gar nicht.<\/p>\n<p>&nbsp;<\/p>\n<p>Precire hat mit UNITEDINTERIM oder MANATNET rein gar nichts zu tun. Jedoch zeigt es exemplarisch und \u00fcberdeutlich, was sich auf Seiten der Kunden derzeit ver\u00e4ndert. Am liebsten h\u00e4tte ich geschrieben: \u201eErdrutsch-artig\u201c \u2013 jedoch, meine Leser wissen das: Ich neige nicht zu \u00dcbertreibungen&#8230;<\/p>\n<h2><strong>\u201eIhr habt den Interim Management-Markt ziemlich aufgem\u00f6belt!\u201c<\/strong><\/h2>\n<p>&nbsp;<\/p>\n<p>Aus meiner ganz pers\u00f6nlichen Sicht \u2013 wie stets hat jeder das Recht, das v\u00f6llig anders zu sehen \u2013 ist das Interim-Business in der DACH-Region mitten im gr\u00f6\u00dften Umbruch seiner vergleichsweise jungen Geschichte. Und nur wenige scheinen das derzeit auch nur ansatzweise mitzubekommen:<\/p>\n<p>&nbsp;<\/p>\n<p>\u201eEure Aktionen in den letzten Monaten haben den Interim Management-Markt ziemlich aufgem\u00f6belt, was f\u00fcr Anbieter und Kunden \u00e4usserst positiv ist. Gratulation dazu.\u201c (Zitat eines in einem Branchen-Verband sehr engagierten Interim Managers).<\/p>\n<p>&nbsp;<\/p>\n<p>Unter dem Postulat \u201eTransparenz\u201c stellt UNITEDINTERIM jedermann \u00fcber die Homepage das <a href=\"https:\/\/www.unitedinterim.com\/provider.html\" target=\"_blank\" rel=\"noopener\">\u201eWho-is-who?\u201c des Interim-Marktes<\/a> in der DACH-Region zur Verf\u00fcgung. Wir nennen alle Anbieter, bringen deren Logo und verlinken auf die jeweilige Homepage. Als Dienstleistung. Kostenlos.<\/p>\n<p>&nbsp;<\/p>\n<p>UNITEDINTERIM kann das, weil das Unternehmen als <a href=\"https:\/\/www.unitedinterim.com\/taetigkeitsfelder.html\" target=\"_blank\" rel=\"noopener\">Infrastruktur-Anbieter<\/a> nicht im Wettbewerb zu den Providern steht.<\/p>\n<p>&nbsp;<\/p>\n<p>Selbstverst\u00e4ndlich haben wir dann alle Provider angeschrieben und dar\u00fcber informiert.<\/p>\n<h2><strong>UNITEDINTERIM vor der providerlichen Inquisition<\/strong><\/h2>\n<p>&nbsp;<\/p>\n<p>Das Feedback der Provider war \u00fcberw\u00e4ltigend \u2013 und auch erstaunlich:<\/p>\n<p>&nbsp;<\/p>\n<p>\u201eWas kostet uns das?\u201c<\/p>\n<p>&nbsp;<\/p>\n<p>\u201eNichts!\u201c<\/p>\n<p>&nbsp;<\/p>\n<p>\u201eNun gut: Jetzt nichts. Aber sp\u00e4ter dann?\u201c<\/p>\n<p>&nbsp;<\/p>\n<p>\u201eAuch dann nichts!\u201c<\/p>\n<p>&nbsp;<\/p>\n<p>\u201e\u00c4h. Und wir d\u00fcrfen einfach auf Ihren Pool zugreifen?\u201c<\/p>\n<p>&nbsp;<\/p>\n<p>\u201eJa, Sie m\u00fcssen sich nur registrieren \u2013 schon aus Gr\u00fcnden des Datenschutzes.\u201c<\/p>\n<p>&nbsp;<\/p>\n<p>\u201eUnd wir k\u00f6nnen dann die Kandidaten selbst kontaktieren?\u201c<\/p>\n<p>&nbsp;<\/p>\n<p>\u201eRichtig.\u201c<\/p>\n<p>&nbsp;<\/p>\n<p>\u201eUnd was kostet uns das dann?\u201c<\/p>\n<p>&nbsp;<\/p>\n<p>\u201eNichts.\u201c<\/p>\n<p>&nbsp;<\/p>\n<p>\u201eUnd sp\u00e4ter?\u201c<\/p>\n<p>&nbsp;<\/p>\n<p>\u201eIst nicht vorgesehen.\u201c<\/p>\n<p>&nbsp;<\/p>\n<p>\u201eAber wenn ich dann einen Interim Manager finde und dann auf ein Projekt bringe: dann kostet das etwas!\u201c<\/p>\n<p>&nbsp;<\/p>\n<p>\u201eNein.\u201c<\/p>\n<p>&nbsp;<\/p>\n<p>\u201eEgal, wie oft ich das mache?\u201c<\/p>\n<p>&nbsp;<\/p>\n<p>\u201eJa. Und: Sie k\u00f6nnen dar\u00fcber hinaus noch Interim-Projekte ausschreiben\u2026\u201c<\/p>\n<p>&nbsp;<\/p>\n<p>\u201eHa! Das kostet mich dann aber etwas!\u201c<\/p>\n<p>&nbsp;<\/p>\n<p>\u201eNein. Auch nicht!\u201c<\/p>\n<p>&nbsp;<\/p>\n<p>\u201e\u2026.\u201c<\/p>\n<p>&nbsp;<\/p>\n<p>Vom Scheitern des Providers, ein Haar in der Suppe zu finden.<\/p>\n<p>&nbsp;<\/p>\n","protected":false},"excerpt":{"rendered":"<p>Heute wei\u00df ich gar nicht, wo ich anfangen soll: So viele Blog-werte Themen flattern hier auf meinen Tisch. &nbsp; Ein sensationelles Thema ist f\u00fcr den kommenden Freitag darunter. Ich freue mich bereits jetzt darauf, das in Worte zu kleiden und &hellip; <a href=\"https:\/\/www.manatnet.com\/blog\/2018\/07\/vom-scheitern-des-providers-ein-haar-in-der-suppe-zu-finden\/\">Weiterlesen <span class=\"meta-nav\">&rarr;<\/span><\/a><\/p>\n","protected":false},"author":3,"featured_media":0,"comment_status":"open","ping_status":"open","sticky":false,"template":"","format":"standard","meta":{"om_disable_all_campaigns":false,"_monsterinsights_skip_tracking":false,"_monsterinsights_sitenote_active":false,"_monsterinsights_sitenote_note":"","_monsterinsights_sitenote_category":0},"categories":[4],"tags":[33,43,12,32,40,56,34],"aioseo_notices":[],"_links":{"self":[{"href":"https:\/\/www.manatnet.com\/blog\/wp-json\/wp\/v2\/posts\/5553"}],"collection":[{"href":"https:\/\/www.manatnet.com\/blog\/wp-json\/wp\/v2\/posts"}],"about":[{"href":"https:\/\/www.manatnet.com\/blog\/wp-json\/wp\/v2\/types\/post"}],"author":[{"embeddable":true,"href":"https:\/\/www.manatnet.com\/blog\/wp-json\/wp\/v2\/users\/3"}],"replies":[{"embeddable":true,"href":"https:\/\/www.manatnet.com\/blog\/wp-json\/wp\/v2\/comments?post=5553"}],"version-history":[{"count":11,"href":"https:\/\/www.manatnet.com\/blog\/wp-json\/wp\/v2\/posts\/5553\/revisions"}],"predecessor-version":[{"id":5567,"href":"https:\/\/www.manatnet.com\/blog\/wp-json\/wp\/v2\/posts\/5553\/revisions\/5567"}],"wp:attachment":[{"href":"https:\/\/www.manatnet.com\/blog\/wp-json\/wp\/v2\/media?parent=5553"}],"wp:term":[{"taxonomy":"category","embeddable":true,"href":"https:\/\/www.manatnet.com\/blog\/wp-json\/wp\/v2\/categories?post=5553"},{"taxonomy":"post_tag","embeddable":true,"href":"https:\/\/www.manatnet.com\/blog\/wp-json\/wp\/v2\/tags?post=5553"}],"curies":[{"name":"wp","href":"https:\/\/api.w.org\/{rel}","templated":true}]}}