{"id":5139,"date":"2017-12-29T15:00:00","date_gmt":"2017-12-29T14:00:00","guid":{"rendered":"https:\/\/www.manatnet.com\/blog\/?p=5139"},"modified":"2024-09-18T11:17:43","modified_gmt":"2024-09-18T09:17:43","slug":"prosit-auf-die-professionellen-interim-manager","status":"publish","type":"post","link":"https:\/\/www.manatnet.com\/blog\/2017\/12\/prosit-auf-die-professionellen-interim-manager\/","title":{"rendered":"PROSIT AUF DIE PROFESSIONELLEN INTERIM MANAGER!"},"content":{"rendered":"<p><a href=\"https:\/\/www.manatnet.com\/blog\/wp-content\/uploads\/2017\/12\/MANATNET_Interim_Management_Blog_Prosit_auf_die_professionellen_Interim_Manager.jpg\" target=\"_blank\" rel=\"noopener\"><img decoding=\"async\" loading=\"lazy\" class=\"alignnone size-full wp-image-5142\" src=\"https:\/\/www.manatnet.com\/blog\/wp-content\/uploads\/2017\/12\/MANATNET_Interim_Management_Blog_Prosit_auf_die_professionellen_Interim_Manager_klein.jpg\" alt=\"Inter-im_Management_Blog_Foto_Juergen_Becker_Festival_of_Lights_Hotel_de_Rome_Berlin_2017\" width=\"400\" height=\"300\" srcset=\"https:\/\/www.manatnet.com\/blog\/wp-content\/uploads\/2017\/12\/MANATNET_Interim_Management_Blog_Prosit_auf_die_professionellen_Interim_Manager_klein.jpg 400w, https:\/\/www.manatnet.com\/blog\/wp-content\/uploads\/2017\/12\/MANATNET_Interim_Management_Blog_Prosit_auf_die_professionellen_Interim_Manager_klein-300x225.jpg 300w\" sizes=\"(max-width: 400px) 100vw, 400px\" \/><\/a>Mein letzter Blogeintrag in diesem Jahr!<\/p>\n<p>&nbsp;<\/p>\n<p>Ich w\u00fcnsche allen meinen Lesern einen guten Rutsch und alles erdenklich Gute f\u00fcr\u00b4s neue Jahr 2018.<\/p>\n<p>&nbsp;<\/p>\n<p>Vermutlich werden Sie sich das eine oder andere vornehmen \u2013 f\u00fcr das neue, unschuldige Jahr. \u201eGute Vors\u00e4tze\u201c nennt man das landl\u00e4ufig. Jedoch habe ich neulich irgendwo aufgeschnappt, dass gut 70 Prozent der guten Vors\u00e4tze im Laufe des neuen Jahres dann doch wieder verraten werden.<\/p>\n<p>&nbsp;<\/p>\n<p>Ich habe f\u00fcr mich bereits in den letzten Wochen dieses nun zu Ende gehenden Jahres eine Entscheidung getroffen \u2013 also keinen \u201eguten Vorsatz\u201c mit einer 70 prozentigen Wahrscheinlichkeit des Scheiterns:<\/p>\n<p>&nbsp;<\/p>\n<p>Ein Jahr wie 2017 m\u00f6chte ich nicht mehr erleben!<\/p>\n<p>&nbsp;<\/p>\n<p>Ich erspare Ihnen die Einzelheiten meiner Beweggr\u00fcnde und decke den Mantel des Schweigens \u00fcber das, was ich hier bei UNITEDINTERIM erlebt habe. Und verweise auf meinen Blogeintrag aus dem September<a href=\"https:\/\/www.manatnet.com\/blog\/2017\/09\/schuetzen-sie-uns-vor-solchen-figuren-im-interim-management\/\" target=\"_blank\" rel=\"noopener\"> [SCH\u00dcTZEN SIE UNS VOR SOLCHEN FIGUREN!<\/a>], der aktueller ist\u00a0 denn je \u2013 und der inzwischen f\u00fcr durchaus nicht untypische Verhaltensmuster von so genannten Interim Managern steht.<\/p>\n<p>&nbsp;<\/p>\n<p>Es gab Zeiten, da haben sich <a href=\"http:\/\/www.aimp.de\/\" target=\"_blank\" rel=\"noopener\">AIMP<\/a> und <a href=\"http:\/\/www.ddim.de\/\" target=\"_blank\" rel=\"noopener\">DDIM<\/a> gar trefflich gestritten, ob es denn deutlich \u00fcber 20.000 Interim Manager in der DACH-Region g\u00e4be (AIMP) oder doch nur rund 3.000 bis 5.000 (DDIM).<\/p>\n<p>&nbsp;<\/p>\n<p>W\u00e4hrend ich in vergangen Jahren die Sch\u00e4tzungen des AIMP aus tiefer \u00dcberzeugung verteidigt habe \u2013 tue ich das heute nicht mehr.<\/p>\n<p>&nbsp;<\/p>\n<p>Was sich derzeit im Markt an Menschen tummelt, die sich selbst f\u00fcr tolle Interim Manager halten, konnte ich mir bis zum Jahr 2017 nicht vorstellen:<\/p>\n<p>&nbsp;<\/p>\n<p>Selbstgef\u00e4llig, nassforsch und frechdreist sowie fernab jeglicher N\u00e4he zur \u201eDigitalisierung\u201c l\u00f6sen sie meine Erwartungshaltung an ein partnerschaftlich, professionelles Verhalten im S\u00e4urebad der Realit\u00e4t auf.<\/p>\n<p>&nbsp;<\/p>\n<p>Und wir filtern sie aus. Alle. Ausnahmslos alle!<\/p>\n<p>&nbsp;<\/p>\n<p>Meine ganz pers\u00f6nliche \u201eBlacklist\u201c bei MANATNET existiert seit 2003. Bis zum M\u00e4rz dieses Jahres umfasste sie keine 20 Namen. \u00dcber einen Zeitraum von 13 Jahren, wohlgemerkt.<\/p>\n<p>&nbsp;<\/p>\n<p>Seit M\u00e4rz dieses Jahres ist diese Liste auf fast 100 Namen explodiert.<\/p>\n<p>&nbsp;<\/p>\n<p>Sicher, es ist unser Job, die <a href=\"https:\/\/www.unitedinterim.com\/qualitaetssicherung.html\" target=\"_blank\" rel=\"noopener\">Qualit\u00e4t zu sichern<\/a> \u2013 und auch zu <a href=\"https:\/\/www.manatnet.com\/blog\/2017\/12\/dafur-stehen-wir-mit-unserem-guten-namen\/\" target=\"_blank\" rel=\"noopener\">dokumentieren<\/a>. Aber das hier, das ist die Arbeit eines Herkules beim Ausmisten des <a href=\"https:\/\/de.wikipedia.org\/wiki\/Herkules_und_der_Stall_des_Augias\" target=\"_blank\" rel=\"noopener\">Stalls des Augias<\/a>!<\/p>\n<p>&nbsp;<\/p>\n<p>Traditionell werden in meiner Familie zum Jahreswechsel keine Unmengen verballert. Stattdessen setzen wir auf einzeln abgez\u00e4hlte, ausgew\u00e4hlte und handverlesene Raketen: F\u00fcr jede am Fest teilnehmende Familie eine.<\/p>\n<p>&nbsp;<\/p>\n<p>In diesem Jahr werde ich eine weitere abfeuern \u2013 und dabei unter einem Sto\u00dfseufzer ansto\u00dfen:<\/p>\n<p>&nbsp;<\/p>\n<p>Prosit auf die professionellen Interim Manager!<\/p>\n<p>&nbsp;<\/p>\n","protected":false},"excerpt":{"rendered":"<p>Mein letzter Blogeintrag in diesem Jahr! &nbsp; Ich w\u00fcnsche allen meinen Lesern einen guten Rutsch und alles erdenklich Gute f\u00fcr\u00b4s neue Jahr 2018. &nbsp; Vermutlich werden Sie sich das eine oder andere vornehmen \u2013 f\u00fcr das neue, unschuldige Jahr. \u201eGute &hellip; <a href=\"https:\/\/www.manatnet.com\/blog\/2017\/12\/prosit-auf-die-professionellen-interim-manager\/\">Weiterlesen <span class=\"meta-nav\">&rarr;<\/span><\/a><\/p>\n","protected":false},"author":3,"featured_media":0,"comment_status":"open","ping_status":"open","sticky":false,"template":"","format":"standard","meta":{"om_disable_all_campaigns":false,"_monsterinsights_skip_tracking":false,"_monsterinsights_sitenote_active":false,"_monsterinsights_sitenote_note":"","_monsterinsights_sitenote_category":0},"categories":[4],"tags":[19,42,41,9,43,32,52],"aioseo_notices":[],"_links":{"self":[{"href":"https:\/\/www.manatnet.com\/blog\/wp-json\/wp\/v2\/posts\/5139"}],"collection":[{"href":"https:\/\/www.manatnet.com\/blog\/wp-json\/wp\/v2\/posts"}],"about":[{"href":"https:\/\/www.manatnet.com\/blog\/wp-json\/wp\/v2\/types\/post"}],"author":[{"embeddable":true,"href":"https:\/\/www.manatnet.com\/blog\/wp-json\/wp\/v2\/users\/3"}],"replies":[{"embeddable":true,"href":"https:\/\/www.manatnet.com\/blog\/wp-json\/wp\/v2\/comments?post=5139"}],"version-history":[{"count":12,"href":"https:\/\/www.manatnet.com\/blog\/wp-json\/wp\/v2\/posts\/5139\/revisions"}],"predecessor-version":[{"id":5153,"href":"https:\/\/www.manatnet.com\/blog\/wp-json\/wp\/v2\/posts\/5139\/revisions\/5153"}],"wp:attachment":[{"href":"https:\/\/www.manatnet.com\/blog\/wp-json\/wp\/v2\/media?parent=5139"}],"wp:term":[{"taxonomy":"category","embeddable":true,"href":"https:\/\/www.manatnet.com\/blog\/wp-json\/wp\/v2\/categories?post=5139"},{"taxonomy":"post_tag","embeddable":true,"href":"https:\/\/www.manatnet.com\/blog\/wp-json\/wp\/v2\/tags?post=5139"}],"curies":[{"name":"wp","href":"https:\/\/api.w.org\/{rel}","templated":true}]}}