{"id":4587,"date":"2017-05-26T15:00:51","date_gmt":"2017-05-26T13:00:51","guid":{"rendered":"https:\/\/www.manatnet.com\/blog\/?p=4587"},"modified":"2017-05-26T07:43:33","modified_gmt":"2017-05-26T05:43:33","slug":"45-euro-fur-unitedinterim-spottpreis","status":"publish","type":"post","link":"https:\/\/www.manatnet.com\/blog\/2017\/05\/45-euro-fur-unitedinterim-spottpreis\/","title":{"rendered":"45 EURO F\u00dcR UNITEDINTERIM? SPOTTPREIS!"},"content":{"rendered":"<p><a href=\"https:\/\/www.manatnet.com\/blog\/wp-content\/uploads\/2017\/05\/MANATNET_Interim_Management_Blog_45_Euro_fuer_UNITEDINTERIM_Spottpreis.jpg\" target=\"_blank\" rel=\"noopener noreferrer\"><img decoding=\"async\" loading=\"lazy\" class=\"alignnone wp-image-4588 size-full\" src=\"https:\/\/www.manatnet.com\/blog\/wp-content\/uploads\/2017\/05\/MANATNET_Interim_Management_Blog_45_Euro_fuer_UNITEDINTERIM_Spottpreis_klein.jpg\" alt=\"Interim_Management_Blog_Foto_Juergen_Becker_45_EURO_2017\" width=\"400\" height=\"300\" srcset=\"https:\/\/www.manatnet.com\/blog\/wp-content\/uploads\/2017\/05\/MANATNET_Interim_Management_Blog_45_Euro_fuer_UNITEDINTERIM_Spottpreis_klein.jpg 400w, https:\/\/www.manatnet.com\/blog\/wp-content\/uploads\/2017\/05\/MANATNET_Interim_Management_Blog_45_Euro_fuer_UNITEDINTERIM_Spottpreis_klein-300x225.jpg 300w\" sizes=\"(max-width: 400px) 100vw, 400px\" \/><\/a>Im Rahmen der aktuellen <a href=\"http:\/\/www.aimp.de\/aktuelle-aimp-umfragen\/\" target=\"_blank\" rel=\"noopener noreferrer\">AIMP-Providerumfrage<\/a> haben wir diese Frage gestellt:<\/p>\n<p>&nbsp;<\/p>\n<p><em>\u201eWieviel Prozent Ihrer Mandate besch\u00e4ftigten sich mit dem Schwerpunkt Digitalisierung?\u201c<\/em><\/p>\n<p>&nbsp;<\/p>\n<p>Sie werden der Seite 33 der <a href=\"http:\/\/www.aimp.de\/aktuelle-aimp-umfragen\/\" target=\"_blank\" rel=\"noopener noreferrer\">AIMP-Providerumfrage<\/a> entnehmen, dass der Anteil dieser Mandate im Jahr 2016 insgesamt gerade mal 8 Prozent ausgemacht hat. Wenn Sie die Kommentare lesen, die die Provider zus\u00e4tzlich abgegeben haben, dann werden Sie bei diesen Kommentaren h\u00e4ngenbleiben:<\/p>\n<p>&nbsp;<\/p>\n<p><em>\u201eIch halte die allermeisten Interim Manager nicht f\u00fcr ad\u00e4quat ausgebildet, die Digitalisierung auf der Kundenseite zu begleiten, geschweige denn zu treiben\u201c \u2013 und \u2013 \u201eEs wird dramatisches \u2018Overselling\u2018 betrieben: Gefahr negativer Auswirkungen auf Markt.\u201c<\/em><\/p>\n<p>&nbsp;<\/p>\n<p>Ich tendiere dazu, dieser Aussage zuzustimmen \u2013 auf jeden Fall aber, ihr nicht zu widersprechen. Ja, ich m\u00f6chte die Aussage sogar erg\u00e4nzen:<\/p>\n<p>&nbsp;<\/p>\n<p>Nicht nur die ad\u00e4quate Ausbildung fehlt, sondern das Denken in digitalen Dimensionen ist bei erstaunlich vielen Interim Managern nicht vorhanden, zumindest aber nicht ausgepr\u00e4gt.<\/p>\n<p>&nbsp;<\/p>\n<p>Wie kann ich mir ein solches Urteil anma\u00dfen?<\/p>\n<p>&nbsp;<\/p>\n<p>Nun, ich lebe in dieser digitalen Interim-Welt seit den Anf\u00e4ngen von MANATNET im Jahr 2003 und erlebe seitdem das Denken und Handeln vieler Interim Manager \u2013 und nun durchlebe ich die n\u00e4chste Stufe bei <a href=\"https:\/\/www.unitedinterim.com\" target=\"_blank\" rel=\"noopener noreferrer\">UNITEDINTERIM<\/a>.<\/p>\n<p>&nbsp;<\/p>\n<p>Hierbei geht es mir nicht darum, dass ich mitunter die Frage beantworten muss: \u201eDie Seite neu laden? Wie mache ich das\u2026?\u201c Vielmehr erkenne ich zwei typische Reaktionen:<\/p>\n<h2><strong>Reaktion 1: Digital im Interim Management? Brauch\u00b4 ich nicht!<\/strong><\/h2>\n<p>&nbsp;<\/p>\n<p>Meine Leser wissen das: Ich respektiere grunds\u00e4tzlich die Meinung meines Gegen\u00fcber (wenn`s nicht gerade Nazi-Geschw\u00e4tz ist), auch wenn ich sie deshalb nicht teilen muss. Daher respektiere ich die Meinung der Interim Manager, die sicher sind, dass sie keinen digitalen Vertriebskanal ben\u00f6tigen, sondern auch weiterhin sehr gut auf analogem Wege klarkommen werden.<\/p>\n<p>&nbsp;<\/p>\n<p>Es gab auch vor satten hundert Jahren gen\u00fcgend Droschken-Eigner, die dem Automobil keine Zukunft bescheinigten, sondern frohgemut ihre G\u00e4ule striegelten.<\/p>\n<p>&nbsp;<\/p>\n<p>Die andere Reaktion hingegen, bringt mich auf die Palme, denn sie zeugt von r\u00fchrender Unkenntnis.<\/p>\n<h2><strong>Reaktion 2: Dat is misch zu teuer!<\/strong><\/h2>\n<p>&nbsp;<\/p>\n<p>Auch der ungemein sympathische K\u00f6lsche Dialekt kann nicht davon ablenken, dass die zwingende Frage beantwortet werden muss: \u201eVerglichen mit was?\u201c<\/p>\n<p>&nbsp;<\/p>\n<p>Vergleichen wir also die 1,50 Euro, die UNITEDINTERIM am Tag kostet (was 45 Euro im Monat entspricht):<\/p>\n<p>&nbsp;<\/p>\n<p><strong>Vergleich 1 \u2013 Mit dem Tagessatz des jeweiligen Interim Managers:<\/strong> Der letzte Interim Manager, die das Argument \u201ezu teuer\u201c in den Raum stellte, ruft einen Tagessatz von 1.500 Euro auf. Plus Spesen \u2013 versteht sich. Ein marginales Tausendstel seines eigenen Honorars f\u00fcr die uneingeschr\u00e4nkte Nutzung eines digitalen Vertriebskanals (ohne Provisionspflicht) empfindet dieser Interim Manager als zu teuer. Ich pers\u00f6nlich f\u00fchre solche Diskussionen nicht mehr.<\/p>\n<p>&nbsp;<\/p>\n<p><strong>Vergleich 2 \u2013 Mit anderen Dienstleistungen f\u00fcr den Interim Manager:<\/strong> F\u00fcr 45 Euro \u2013 am Tag, wohlgemerkt \u2013 kommen Sie nicht einmal in Low-Budget-Hotels wie <a href=\"https:\/\/www.motel-one.com\/de\/hotels\/dresden\/hotel-dresden-palaisplatz\/\" target=\"_blank\" rel=\"noopener noreferrer\">Motel One<\/a> unter. Oder: F\u00fcr 45 Euro am Tag bekommen Sie bei <a href=\"http:\/\/www.sixt.de\" target=\"_blank\" rel=\"noopener noreferrer\">Sixt<\/a> nicht mal einen Smart \u2013 ohnehin nicht die bevorzugte Karosse der Interim Manager.<\/p>\n<p>&nbsp;<\/p>\n<p><strong>Vergleich 3<\/strong> <strong>\u2013 Mit \u201eSelbermachen\u201c:<\/strong> Klar, im Kern, kann jeder Interim Manager das machen, was UNITEDINTERIM auch macht. Also schaun wir mal \u2013 und lassen die Arbeitszeit, die erforderlich ist ebenso au\u00dfen vor, wie die runde Viertelmillion, die <a href=\"http:\/\/www.manatnet.com\/\" target=\"_blank\" rel=\"noopener noreferrer\">MANATNET<\/a> und <a href=\"http:\/\/www.butterflymanager.com\/\" target=\"_blank\" rel=\"noopener noreferrer\">butterflymanager<\/a> investiert haben, nur um die Betaphase zu erreichen.<\/p>\n<h2><strong>Selber machen kostet wohl mehr als das F\u00fcnfzigfache<\/strong><\/h2>\n<p>&nbsp;<\/p>\n<p>Und auch dann haben Sie nur ein digitales Reihenh\u00e4uschen hingestellt \u2013 und kein digitales Powerhouse!<\/p>\n<p>&nbsp;<\/p>\n<p>Wie komme ich zu dieser Aussage? Schauen wir uns die wesentlichen monatlichen (Sach-!) Budgets von <a href=\"http:\/\/www.unitedinterim.com\/\" target=\"_blank\" rel=\"noopener noreferrer\">UNITEDINTERIM<\/a> an \u2013 und vergleichen sie mit dem monatlichen \u201eAbo\u201c von 45 Euro:<\/p>\n<p>&nbsp;<\/p>\n<p>700 Euro \u2013 Rechenzentrum, Backup und Sicherheit: Entspricht 17 Abos<\/p>\n<p>1.000 Euro \u2013 Maintenance und Usabiltiy (Front- und Backend): entspricht 22 Abos<\/p>\n<p>2.000 Euro \u2013 Suchmaschinenoptimierung: entspricht 44 Abos<\/p>\n<p>5.000 Euro \u2013 Online- und Offline Werbung: entspricht 111 Abos<\/p>\n<p>5.000 Euro \u2013 Weiterentwicklung: entspricht 111 Abos<\/p>\n<p>&nbsp;<\/p>\n<p>Sie sehen also, es ist kein Problem, so etwas selbst auf die Beine zu stellen: Sie legen monatlich halt fast 14.000 Euro auf den Tisch! Ach ja: Und Sie m\u00fcssen nat\u00fcrlich Ihr Gesch\u00e4ft als Interim Manager an den Nagel h\u00e4ngen, denn das hier ist ein Fulltime-Job!<\/p>\n<p>&nbsp;<\/p>\n<p>Einspruch, sagen Sie? Der Vergleich hinkt, denn Sie w\u00fcrden ja nur etwas f\u00fcr sich ganz pers\u00f6nlich machen, etwas viel Kleineres &#8211; und so viel braucht\u00b4s also nicht f\u00fcr Sie pers\u00f6nlich? Okay, wenn Sie f\u00fcr Ihr digitales Reihenh\u00e4uschen obendrein noch keine hohen Anspr\u00fcche haben, dann kommen Sie vielleicht mit gut zweitausend Euro im Monat hin. Aber die sind\u00b4s dann ganz sicher &#8211; und dann sind wir beim F\u00fcnfzigfachen dessen, was UNITEDINTERIM kostet. (Die Arbeitszeit, die Sie investieren m\u00fcssen immer noch au\u00dfen vor!)<\/p>\n<p>&nbsp;<\/p>\n<p>Nun gibt es \u2013 dankeswerterweise! \u2013 eine geh\u00f6rige Anzahl an smarten, digital-affinen Interim Managern, die das erkennen. Wom\u00f6glich sind das exakt die Interim Manager, die unsere Wirtschaft braucht auf ihrem weiteren Weg in die Digitalisierung. Diese Interim Manager erh\u00f6hen die Effizienz Ihrer Kunden \u2013 und f\u00fcr sich selbst auch.<\/p>\n<p>&nbsp;<\/p>\n<p>Oder wie ein Interim Manager lapidar kommentierte:<\/p>\n<p>&nbsp;<\/p>\n<p>45 Euro f\u00fcr UNITEDINTERIM? Spottpreis!<\/p>\n<p>&nbsp;<\/p>\n","protected":false},"excerpt":{"rendered":"<p>Im Rahmen der aktuellen AIMP-Providerumfrage haben wir diese Frage gestellt: &nbsp; \u201eWieviel Prozent Ihrer Mandate besch\u00e4ftigten sich mit dem Schwerpunkt Digitalisierung?\u201c &nbsp; Sie werden der Seite 33 der AIMP-Providerumfrage entnehmen, dass der Anteil dieser Mandate im Jahr 2016 insgesamt gerade &hellip; <a href=\"https:\/\/www.manatnet.com\/blog\/2017\/05\/45-euro-fur-unitedinterim-spottpreis\/\">Weiterlesen <span class=\"meta-nav\">&rarr;<\/span><\/a><\/p>\n","protected":false},"author":3,"featured_media":0,"comment_status":"open","ping_status":"open","sticky":false,"template":"","format":"standard","meta":{"om_disable_all_campaigns":false,"_monsterinsights_skip_tracking":false,"_monsterinsights_sitenote_active":false,"_monsterinsights_sitenote_note":"","_monsterinsights_sitenote_category":0},"categories":[4],"tags":[26,57,24,12,52,56],"aioseo_notices":[],"_links":{"self":[{"href":"https:\/\/www.manatnet.com\/blog\/wp-json\/wp\/v2\/posts\/4587"}],"collection":[{"href":"https:\/\/www.manatnet.com\/blog\/wp-json\/wp\/v2\/posts"}],"about":[{"href":"https:\/\/www.manatnet.com\/blog\/wp-json\/wp\/v2\/types\/post"}],"author":[{"embeddable":true,"href":"https:\/\/www.manatnet.com\/blog\/wp-json\/wp\/v2\/users\/3"}],"replies":[{"embeddable":true,"href":"https:\/\/www.manatnet.com\/blog\/wp-json\/wp\/v2\/comments?post=4587"}],"version-history":[{"count":24,"href":"https:\/\/www.manatnet.com\/blog\/wp-json\/wp\/v2\/posts\/4587\/revisions"}],"predecessor-version":[{"id":4593,"href":"https:\/\/www.manatnet.com\/blog\/wp-json\/wp\/v2\/posts\/4587\/revisions\/4593"}],"wp:attachment":[{"href":"https:\/\/www.manatnet.com\/blog\/wp-json\/wp\/v2\/media?parent=4587"}],"wp:term":[{"taxonomy":"category","embeddable":true,"href":"https:\/\/www.manatnet.com\/blog\/wp-json\/wp\/v2\/categories?post=4587"},{"taxonomy":"post_tag","embeddable":true,"href":"https:\/\/www.manatnet.com\/blog\/wp-json\/wp\/v2\/tags?post=4587"}],"curies":[{"name":"wp","href":"https:\/\/api.w.org\/{rel}","templated":true}]}}