{"id":3956,"date":"2016-09-02T15:00:36","date_gmt":"2016-09-02T13:00:36","guid":{"rendered":"https:\/\/www.manatnet.com\/blog\/?p=3956"},"modified":"2016-09-02T12:16:03","modified_gmt":"2016-09-02T10:16:03","slug":"manatnet-der-schnellste-interim-provider","status":"publish","type":"post","link":"https:\/\/www.manatnet.com\/blog\/2016\/09\/manatnet-der-schnellste-interim-provider\/","title":{"rendered":"MANATNET \u2013 DER SCHNELLSTE INTERIM-PROVIDER"},"content":{"rendered":"<p><a href=\"https:\/\/www.manatnet.com\/blog\/wp-content\/uploads\/2016\/09\/MANATNET_Interim_Management_Blog_Foto_J_Becker_MANATNET_der_schnellste_Interim_Provider.jpg\" target=\"_blank\"><img decoding=\"async\" loading=\"lazy\" class=\"alignnone size-full wp-image-3957\" src=\"https:\/\/www.manatnet.com\/blog\/wp-content\/uploads\/2016\/09\/MANATNET_Interim_Management_Blog_Foto_J_Becker_MANATNET_der_schnellste_Interim_Provider_klein.jpg\" alt=\"Interim_Management_Blog_Foto_Juergen_Becker_Skulptur_Scrat_Sylt\" width=\"300\" height=\"400\" \/><\/a>Mein letzter Blogeintrag \u201e<a href=\"https:\/\/www.manatnet.com\/blog\/2016\/08\/seid-wieder-mutig-interim-manager\/\" target=\"_blank\">SEID WIEDER MUTIG, INTERIM MANAGER!<\/a>\u201c war wohl nicht so dolle \u2013 wenn ich mir die Zugriffe ansehe.<\/p>\n<p>&nbsp;<\/p>\n<p>Oder aber, die l\u00e4hmend dulle Sommerhitze im Ferienmonat August hat sich auch auf mein Blog ausgewirkt \u2013 und das Bild des nach all der M\u00fchsal entspannend am Strand liegenden, mein Blog auf seinem Tablet lesenden Interim Managers ist wom\u00f6glich doch nicht mehr als nur ganz leise t\u00f6nende Zukunftsmusik.<\/p>\n<p>&nbsp;<\/p>\n<p>Auch sonst ging in dieser, unserer Wirtschaft im August ja nicht wirklich viel: Sommerzeit, Urlaubszeit. Hei\u00df. Keiner da. Vertretungen gibt es nicht mehr. Telefone beantwortet niemand. Mails beantwortet stumpf und ruppig der Autoresponder \u201eIhre Mail wird nicht gelesen oder weitergeleitet&#8230;!&#8220; Manche schreiben ganz krass: &#8222;Ihre Mail wird ungelesen gel\u00f6scht!&#8220;. In der n\u00e4chsten Evolutionsstufe der Unfreundlichkeit lautet das dann vielleicht: &#8222;&#8230; Und zur Strafe sende ich Ihnen jetzt einen Trojaner&#8230;!&#8220;<\/p>\n<p>&nbsp;<\/p>\n<p>Eins meiner Lieblingsthemen, das ich seit den Anf\u00e4ngen meines Blogs gei\u00dfele. Selbstverst\u00e4ndlich vergeblich [<a href=\"http:\/\/www.manatnet-interim-management.de\/blog\/template_permalink.asp?id=275\" target=\"_blank\">LASST MICH BLOSS ENDLICH IN RUHE!]<\/a>. Dass so etwas in unserem Land m\u00f6glich ist, verbl\u00fcfft mich jedes Jahr aufs Neue.<\/p>\n<p>&nbsp;<\/p>\n<p>Bastian Schweinsteiger wurde von Manuel Neuer als Kapit\u00e4n Der Mannschaft abgel\u00f6st. Der erste Fl\u00fcgel f\u00fcr ein Passagierflugzeug wurde im Additiven Verfahren (3D-Druck) hergestellt. Da kommt etwas mit brachialer Kraft auf uns zu\u2026<\/p>\n<p>&nbsp;<\/p>\n<p>Dennoch, in meinem (wie mein Freund, Anselm G\u00f6rres einmal anmerkte) fast calvinistisch gepr\u00e4gten Leben gab\u00b4s zwei bemerkenswerte Erfahrungen in dieser sommerlich, beschaulichen Woche. F\u00fcr die eine steht ein k\u00fcnftiger Interim Manager, f\u00fcr die andere ein Unternehmen:<\/p>\n<h2><strong>Interim Management ist v\u00f6lliges Neuland<\/strong><\/h2>\n<p>&nbsp;<\/p>\n<p>Der neue Kandidat f\u00fcrs Interim Management bringt jede Menge Erfahrung mit \u2013 hat sich jedoch, wie so gut wie jeder Einsteiger, noch nie selbst \u201everkaufen\u201c m\u00fcssen: USP, Wettbewerbsvorteile, Alleinstellungsmerkmale \u2013 oder gar Gr\u00fcnde, weshalb ein Kunde gerade ihn einkaufen sollte und nicht jemanden anderen: V\u00f6lliges Neuland!<\/p>\n<p>&nbsp;<\/p>\n<p>Und dann startet etwas, das alle meine professionellen Provider-Kollegen anbieten: Nennen wir\u00b4s &#8222;Einstiegs-Coaching&#8220;\u2026<\/p>\n<p>&nbsp;<\/p>\n<p>Im Rahmen dieses Einstiegs-Coachings r\u00fcsten wir die neuen Interim Manager auf und erh\u00f6hen damit die Chancen der meisten Einsteiger deutlich, wenn nicht dramatisch. F\u00fcr ein Gesch\u00e4ft, das \u2013 alle Insider wissen das \u2013 zu um die 70 Prozent direkt zwischen Interim Manager und Kunde l\u00e4uft. Im Klartext: An den Providern vorbei. Wenn man das dann nicht ganz zu Ende denkt, dann kommt man auf die Idee: Wir r\u00fcsten unseren k\u00fcnftigen Wettbewerb auf\u2026<\/p>\n<p>&nbsp;<\/p>\n<p>Und doch tun wir\u00b4s \u2013 und freuen uns (und das meine ich ganz ehrlich!) \u00fcber solche Mails:<\/p>\n<p>&nbsp;<\/p>\n<p><em>Hallo Herr Becker,<\/em><\/p>\n<p><em>\u00a0<\/em><\/p>\n<p><em>ich m\u00f6chte mich ganz herzlich f\u00fcr Ihre Geduld bedanken und daf\u00fcr, dass Sie mir auf die Spr\u00fcnge geholfen haben. Am gestrigen Abend, als ich die ersten Mails in Richtung Interim auf den Weg brachte, dachte ich noch so bei mir, dass es ganz gut w\u00e4re, wenn ich einen \u201eMentor\u201c h\u00e4tte, der meinen Blick auf das Wesentliche sch\u00e4rft, was mein Kompetenzprofil und meine St\u00e4rken betrifft\u2026.und heute wurde dieser Wunsch erf\u00fcllt. Trotzdem war es mir etwas peinlich, denn ich h\u00e4tte auch selber drauf kommen m\u00fcssen\u2026<\/em><\/p>\n<p><em>\u00a0<\/em><\/p>\n<p><em>Nat\u00fcrlich hat es mir aber keine Ruhe bis zum Wochenende gelassen, so dass ich Ihre Anregungen gleich umsetzen wollte.<\/em><\/p>\n<p><em>\u00a0<\/em><\/p>\n<p><em>Anbei meine \u00fcberarbeitete Kompetenz\u00fcbersicht oder auch Kandidatenprofil. Ich w\u00e4re Ihnen sehr dankbar, wenn Sie nochmals einen kritischen Blick darauf werfen k\u00f6nnten.<\/em><\/p>\n<p><em>\u00a0<\/em><\/p>\n<p><em>Ihnen einen sch\u00f6nen Abend und herzliche Gr\u00fc\u00dfe,<\/em><\/p>\n<p><em>Interim Manager in spe<\/em><\/p>\n<p>&nbsp;<\/p>\n<p>Muss ihm nicht \u201eetwas peinlich\u201c sein! Im Telefonat, mit vielen Fragen, habe ich den Kandidaten aus seinen Antworten und Reaktionen recht gut kennenlernen k\u00f6nnen: Ein offenes Gespr\u00e4ch mit dem \u201eMinister der Finsternis\u201c ist durchaus nicht jedermanns Sache! Und so wei\u00df ich: Das ist ein Guter!<\/p>\n<p>&nbsp;<\/p>\n<p>Die \u00fcberarbeitete Kompetenz\u00fcbersicht muss er dennoch geh\u00f6rig \u00fcberarbeiten. Wie ich ihn kennengelernt habe, wird er das tun.<\/p>\n<h2><strong>Vier 3D-Drucker laufen 7\/24<\/strong><\/h2>\n<p>&nbsp;<\/p>\n<p>Es ist Usus, dass ich mit meinen guten Kunden essen gehe. Meist mittags, lieber jedoch abends. Der Kunde sucht aus \u2013 ich zahle. Dadurch lerne ich so gut wie immer ein neues Restaurant kennen. Und der Kunde sucht selbstverst\u00e4ndlich ein Restaurant aus, in das er gern geht und f\u00fchlt sich daher auch so gut wie immer wohl. Dieses Dinner fand in Stuttgart statt \u2013 mit dem Technik-Chef der Holding eines Unternehmens mit weltweit rund mehreren tausend Mitarbeitern.<\/p>\n<p>&nbsp;<\/p>\n<p>Wir haben viel geredet. Aber zwei Themen hallen noch immer nach.<\/p>\n<p>&nbsp;<\/p>\n<p>\u201eNutzen Sie bereits die Additive Fertigung im Unternehmen?\u201c<\/p>\n<p>&nbsp;<\/p>\n<p>\u201eHerr, Becker, wir haben hier vier Drucker: Die laufen 7\/24\u2026!\u201c<\/p>\n<p>&nbsp;<\/p>\n<p>\u201eDonnerwetter! F\u00fcr die Prototypenfertigung?\u201c<\/p>\n<p>&nbsp;<\/p>\n<p>\u201eExakt!\u201c<\/p>\n<p>&nbsp;<\/p>\n<p>Mir f\u00e4llt der Flugzeug-Fl\u00fcgel ein \u2013 und die vielen Unternehmen, die ich aus der Kategorie kenne: \u201eMache mer net\u2026!\u201c Oh, oh\u2026.<\/p>\n<p>&nbsp;<\/p>\n<p>Und dann:<\/p>\n<p>&nbsp;<\/p>\n<p>\u201eIch muss Ihnen sagen, Sie sind mein \u201eschnellster\u201c Kunde. In Deutschland \u2013 zumindest ist das mein Eindruck \u2013 scheint Schnelligkeit nicht mehr en vogue zu sein. Ich mag jedoch Schnelligkeit, den 24 Stunden-Takt, weil ich so gepr\u00e4gt bin! Und deshalb m\u00f6chte ich Ihnen daf\u00fcr heute Abend danken!<\/p>\n<p>&nbsp;<\/p>\n<p>\u201eDanke, Herr Becker, aber Sie sind der schnellste Provider, den ich kenne: Das ist Ihr Alleinstellungsmerkmal!\u201c<\/p>\n<p>&nbsp;<\/p>\n<p>Auf der R\u00fcckfahrt besch\u00e4ftigt mich: Die meisten anderen Provider sind ja f\u00fchrend oder erkl\u00e4ren kurzerhand selbst sich dazu.<\/p>\n<p>&nbsp;<\/p>\n<p>Mir reicht dieses Label v\u00f6llig:<\/p>\n<p>&nbsp;<\/p>\n<p>MANATNET \u2013 der schnellste Interim-Provider!<\/p>\n<p>&nbsp;<\/p>\n","protected":false},"excerpt":{"rendered":"<p>Mein letzter Blogeintrag \u201eSEID WIEDER MUTIG, INTERIM MANAGER!\u201c war wohl nicht so dolle \u2013 wenn ich mir die Zugriffe ansehe. &nbsp; Oder aber, die l\u00e4hmend dulle Sommerhitze im Ferienmonat August hat sich auch auf mein Blog ausgewirkt \u2013 und das &hellip; <a href=\"https:\/\/www.manatnet.com\/blog\/2016\/09\/manatnet-der-schnellste-interim-provider\/\">Weiterlesen <span class=\"meta-nav\">&rarr;<\/span><\/a><\/p>\n","protected":false},"author":3,"featured_media":0,"comment_status":"open","ping_status":"open","sticky":false,"template":"","format":"standard","meta":{"om_disable_all_campaigns":false,"_monsterinsights_skip_tracking":false,"_monsterinsights_sitenote_active":false,"_monsterinsights_sitenote_note":"","_monsterinsights_sitenote_category":0},"categories":[4],"tags":[42,9,28,49,32,52,40,38],"aioseo_notices":[],"_links":{"self":[{"href":"https:\/\/www.manatnet.com\/blog\/wp-json\/wp\/v2\/posts\/3956"}],"collection":[{"href":"https:\/\/www.manatnet.com\/blog\/wp-json\/wp\/v2\/posts"}],"about":[{"href":"https:\/\/www.manatnet.com\/blog\/wp-json\/wp\/v2\/types\/post"}],"author":[{"embeddable":true,"href":"https:\/\/www.manatnet.com\/blog\/wp-json\/wp\/v2\/users\/3"}],"replies":[{"embeddable":true,"href":"https:\/\/www.manatnet.com\/blog\/wp-json\/wp\/v2\/comments?post=3956"}],"version-history":[{"count":16,"href":"https:\/\/www.manatnet.com\/blog\/wp-json\/wp\/v2\/posts\/3956\/revisions"}],"predecessor-version":[{"id":3975,"href":"https:\/\/www.manatnet.com\/blog\/wp-json\/wp\/v2\/posts\/3956\/revisions\/3975"}],"wp:attachment":[{"href":"https:\/\/www.manatnet.com\/blog\/wp-json\/wp\/v2\/media?parent=3956"}],"wp:term":[{"taxonomy":"category","embeddable":true,"href":"https:\/\/www.manatnet.com\/blog\/wp-json\/wp\/v2\/categories?post=3956"},{"taxonomy":"post_tag","embeddable":true,"href":"https:\/\/www.manatnet.com\/blog\/wp-json\/wp\/v2\/tags?post=3956"}],"curies":[{"name":"wp","href":"https:\/\/api.w.org\/{rel}","templated":true}]}}