{"id":3733,"date":"2016-06-17T15:00:19","date_gmt":"2016-06-17T13:00:19","guid":{"rendered":"https:\/\/www.manatnet.com\/blog\/?p=3733"},"modified":"2016-11-02T14:14:47","modified_gmt":"2016-11-02T13:14:47","slug":"interim-manager-euer-lebenslauf-ist-eine-qual","status":"publish","type":"post","link":"https:\/\/www.manatnet.com\/blog\/2016\/06\/interim-manager-euer-lebenslauf-ist-eine-qual\/","title":{"rendered":"INTERIM MANAGER, EUER LEBENSLAUF IST EINE QUAL!"},"content":{"rendered":"<p><img decoding=\"async\" loading=\"lazy\" class=\"alignnone size-full wp-image-3726\" src=\"https:\/\/www.manatnet.com\/blog\/wp-content\/uploads\/2016\/06\/MANATNET_Interim_Blog_Fotograf_J_Becker_Interim-Manager_Euer_Lebenslauf_ist_eine_Qual_klein.jpg\" alt=\"Lebenslauf im Interim Management\" width=\"400\" height=\"300\" srcset=\"https:\/\/www.manatnet.com\/blog\/wp-content\/uploads\/2016\/06\/MANATNET_Interim_Blog_Fotograf_J_Becker_Interim-Manager_Euer_Lebenslauf_ist_eine_Qual_klein.jpg 400w, https:\/\/www.manatnet.com\/blog\/wp-content\/uploads\/2016\/06\/MANATNET_Interim_Blog_Fotograf_J_Becker_Interim-Manager_Euer_Lebenslauf_ist_eine_Qual_klein-300x225.jpg 300w\" sizes=\"(max-width: 400px) 100vw, 400px\" \/>Mein Blog hat als \u00e4ltestes Interim Management-Blog in Deutschland ja schon einige Jahre auf dem Buckel. Mittunter gehe ich mal alte Blogeintr\u00e4ge durch\u00a0\u2013 meist nur, um zu schauen, was und wor\u00fcber ich inzwischen schon geschrieben habe. Auch, um Wiederholungen weitgehend zu vermeiden.<\/p>\n<p>&nbsp;<\/p>\n<p>Nicht weiter verwunderlich habe ich mich an dieser Stelle mehrfach mit K\u00f6nig Fu\u00dfball und seinen Europa- und Welt-Festspielen besch\u00e4ftigt (<a href=\"https:\/\/www.manatnet.com\/blog\/2014\/06\/interim-management-zwischen-fussball-und-bruckentag\/\" target=\"_blank\">INTERIM MANAGEMENT: ZWISCHEN FUSSBALL UND BR\u00dcCKENTAG<\/a>). Fast h\u00e4tte ich geschrieben \u201ebesch\u00e4ftigen m\u00fcssen\u201c, denn aus meiner unma\u00dfgeblichen Sicht wird durchaus ein St\u00fcck Dynamik aus den B\u00fcros und Hallen deutscher Unternehmen in individuelle oder kollektive Fan-Aktivit\u00e4ten umgeleitet. Und erstaunlich: Es gibt mehr Menschen als ich dachte, die sich f\u00fcr die Europameisterschaft Urlaub genommen haben\u2026!<\/p>\n<p>&nbsp;<\/p>\n<p>Selbst in unserer \u00fcberschaubaren Interim-Szene ist der Einfluss der Fu\u00dfball-Europameisterschaft un\u00fcbersehbar: So weist der AIMP im <a href=\"http:\/\/www.aimp.de\/wp-content\/uploads\/Einladung_FIMSTG_2016_for_site.pdf\" target=\"_blank\">Programm<\/a> f\u00fcr das kommende AIMP-Regionalforum am 6. Juli in Stuttgart darauf hin: \u201eAb 21.00 Uhr bei Teilnahme der Deutschen Fu\u00dfballnationalmannschaft am Halbfinale \u00dcbertragung des Spiels\u201c.<\/p>\n<p>&nbsp;<\/p>\n<p>Na, dann w\u00fcnschen wir unseren Jungs mal das Beste \u2013 und dem AIMP-Regionalforum, an dem ich sicher teilnehmen werde, viele G\u00e4ste! Dann kann ich am Freitag darauf vielleicht vom ersten Private-Public-Viewing des AIMP berichten: Hatten wir meines Wissens auch noch nie!<\/p>\n<p>&nbsp;<\/p>\n<p><img decoding=\"async\" loading=\"lazy\" class=\"alignnone wp-image-3728 size-medium\" src=\"https:\/\/www.manatnet.com\/blog\/wp-content\/uploads\/2016\/06\/Ich_war_gerade_im_Garten-300x248.png\" alt=\"Ich_war_gerade_im_Garten\" width=\"300\" height=\"248\" srcset=\"https:\/\/www.manatnet.com\/blog\/wp-content\/uploads\/2016\/06\/Ich_war_gerade_im_Garten-300x248.png 300w, https:\/\/www.manatnet.com\/blog\/wp-content\/uploads\/2016\/06\/Ich_war_gerade_im_Garten-362x300.png 362w, https:\/\/www.manatnet.com\/blog\/wp-content\/uploads\/2016\/06\/Ich_war_gerade_im_Garten.png 500w\" sizes=\"(max-width: 300px) 100vw, 300px\" \/>Neben dem Fu\u00dfball besch\u00e4ftigt das grottenm\u00e4\u00dfige Wetter die Menschen \u2013 die zum kollektiven Frustabbau sehr lustige Tweets in die Welt senden wie z. B. diesen hier: &#8222;Ich bin froh, habe ich diesen Sommer bereits meine Bikinifigur, die Leute schauen schon ganz neidisch, wenn ich zum Supermarkt schwimme.&#8220; (<a href=\"https:\/\/twitter.com\/lucky_mushroom\" target=\"_blank\">Robot Redford @lucky_mushroom<\/a>) Oder aber Bilder in die Welt senden \u2013 vorwiegend bei Facebook, wie zum Beispiel dieses hier (in der stillen Hoffnung, dass ich keine wie auch immer gearteten Rechte verletze).<\/p>\n<p>&nbsp;<\/p>\n<p>Im Schutz der vom Himmel st\u00fcrzenden Wassermassen hat tats\u00e4chlich ein Gentleman namens Akindele M. Elias versucht, mein Unternehmen zu betr\u00fcgen und 38.450,20 Euro (in staunenden Worten: achtundrei\u00dfigtausendvierhundertundf\u00fcnfzig) aus meinem Verm\u00f6gensbereich auf sein Konto in UK umzuleiten. Der Versuch ist in den engmaschigen Sicherheitsnetzen meiner Bank h\u00e4ngengeblieben, der ich deshalb ehrlich zu tiefem Dank verpflichtet bin. Zwar hat das auf beiden Seiten unn\u00f6tige Arbeit verursacht, aber daf\u00fcr konnten wir einen Betrugsversuch abwehren &#8211; der, w\u00e4re er erfolgreich gewesen, sicher weitaus gr\u00f6\u00dfere Anstrengungen nach sich gezogen h\u00e4tte.<\/p>\n<p>&nbsp;<\/p>\n<p>Dass Anzeige erstattet wurde, versteht sich von selbst. Dass das nichts bringen wird, auch. Das st\u00f6rt mich jedoch nicht wirklich: Mir ist es sehr viel lieber, wenn die Jungs sich mit wichtigerem besch\u00e4ftigen und z. B. Terroristen jagen\u2026<\/p>\n<p>&nbsp;<\/p>\n<p>Und im Kerngesch\u00e4ft \u2013 im Interim Management?<\/p>\n<h2><strong>Interim Management? Da stellemer uns ma janz dumm\u2026!<\/strong><\/h2>\n<p>&nbsp;<\/p>\n<p>Nun, derzeit melden sich wieder viele Interim Manager, die bei MANATNET mitmachen m\u00f6chten: Neueinsteiger und alte Hasen. Den Grund hierf\u00fcr kenne ich nicht.<\/p>\n<p>&nbsp;<\/p>\n<p>Aber, was ich in dieser Woche an Lebensl\u00e4ufen erhalten habe, das geht auf keine Kuhhaut \u2013 und das durchaus nicht nur von Neulingen im Interim Management!<\/p>\n<p>&nbsp;<\/p>\n<p>Manchmal muss ich dann an B\u00f6mmel aus der Feuerzangenbowle denken: \u201eWat issen Interim Management? Da stellemer uns ma janz dumm\u2026!\u201c Und dann intoniere ich mit Engel-reinem Klang immer wieder die gleichen Strophen aus der \u201eOde an den Lebenslauf\u201c:<\/p>\n<p>&nbsp;<\/p>\n<p>Nein, niemanden interessiert Deine Grundschule!<\/p>\n<p>Nein, niemanden interessiert Dein Geburtsort!<\/p>\n<p>Nein, niemanden interessiert der Geburtsname Deiner Ehefrau!<\/p>\n<p>Nein, niemanden interessieren Deine Grundkenntnisse in Franz\u00f6sisch, w\u00e4hrend andere genau darin flie\u00dfend sind!<\/p>\n<p>Nein, niemanden interessieren Deine Hobbies, denn Dein Mandat wird Dir genau daf\u00fcr jede Zeit rauben!<\/p>\n<p>&nbsp;<\/p>\n<p>Aber, dass ein Interim Manager, der seit fast 20 Jahren im Gesch\u00e4ft ist, seinen Kunden nur genau diese Information mit auf den Weg geben will \u2013 untermauert mit ein paar Zeilen \u201eBullet Points\u201c unter der Logik \u201eIch biete\u2026\u201c: Das ist schon krass! Und ganz besonders, wenn die Zeiten, die mehr als 20 Jahre zur\u00fcckliegen, im Detail beschrieben werden.<\/p>\n<p>&nbsp;<\/p>\n<p>Das ist so weit weg vom wirklichen Interim-Leben wie nur eben m\u00f6glich!<\/p>\n<h2><strong>F\u00fcr Interim Manager ist der Lebenslauf ein Verkaufsprospekt<\/strong><\/h2>\n<p>&nbsp;<\/p>\n<p>Ich m\u00f6chte wirklich niemandem zu nahe treten. Ganz und gar nicht! Nein, keinesfalls \u2013 denn letztlich sind wir Provider ja auch daf\u00fcr da: Als Sparrings-Partner, als Coach f\u00fcr die Interim Manager.<\/p>\n<p>&nbsp;<\/p>\n<p>Dennoch: Ich finde schon, jeder Interim Manager, ob neu oder erfahren, sollte sich schon fragen: \u201eWas genau kann ich gut, ja besser als andere?\u201c Sich dann gedanklich einmal auf die Seite des Kunden versetzen und versuchen, die Frage zu beantworten: \u201eWarum sollte ein Kunde das kaufen wollen, und dann noch bei mir?\u201c<\/p>\n<p>&nbsp;<\/p>\n<p>Eine ganz offensichtlich nur scheinbar offensichtliche \u00dcbung!<\/p>\n<p>&nbsp;<\/p>\n<p>Vielleich ist es eine gute Idee, wenn ich bei Gelegenheit mal einen eigenen Blogeintrag dem Thema Lebenslauf\/Profil eines Interim Managers widme unter der Logik:<\/p>\n<p>&nbsp;<\/p>\n<p>Der Lebenslauf ist der Verkaufsprospekt in eigener Sache.<\/p>\n<p>&nbsp;<\/p>\n<p>Und dann verlinke ich in den ersten Mails mit den jeweiligen Interim Managern darauf, statt mir den Mund fusselig zu reden.<\/p>\n<p>&nbsp;<\/p>\n<p>Bis dahin jedoch gilt, nicht f\u00fcr alle, doch noch immer f\u00fcr erstaunlich viele:<\/p>\n<p>&nbsp;<\/p>\n<p>Interim Manager, Euer Lebenslauf ist eine Qual!<\/p>\n<p>&nbsp;<\/p>\n","protected":false},"excerpt":{"rendered":"<p>Mein Blog hat als \u00e4ltestes Interim Management-Blog in Deutschland ja schon einige Jahre auf dem Buckel. Mittunter gehe ich mal alte Blogeintr\u00e4ge durch\u00a0\u2013 meist nur, um zu schauen, was und wor\u00fcber ich inzwischen schon geschrieben habe. Auch, um Wiederholungen weitgehend &hellip; <a href=\"https:\/\/www.manatnet.com\/blog\/2016\/06\/interim-manager-euer-lebenslauf-ist-eine-qual\/\">Weiterlesen <span class=\"meta-nav\">&rarr;<\/span><\/a><\/p>\n","protected":false},"author":3,"featured_media":0,"comment_status":"open","ping_status":"open","sticky":false,"template":"","format":"standard","meta":{"om_disable_all_campaigns":false,"_monsterinsights_skip_tracking":false,"_monsterinsights_sitenote_active":false,"_monsterinsights_sitenote_note":"","_monsterinsights_sitenote_category":0},"categories":[4],"tags":[54,9,45,32,52,25],"aioseo_notices":[],"_links":{"self":[{"href":"https:\/\/www.manatnet.com\/blog\/wp-json\/wp\/v2\/posts\/3733"}],"collection":[{"href":"https:\/\/www.manatnet.com\/blog\/wp-json\/wp\/v2\/posts"}],"about":[{"href":"https:\/\/www.manatnet.com\/blog\/wp-json\/wp\/v2\/types\/post"}],"author":[{"embeddable":true,"href":"https:\/\/www.manatnet.com\/blog\/wp-json\/wp\/v2\/users\/3"}],"replies":[{"embeddable":true,"href":"https:\/\/www.manatnet.com\/blog\/wp-json\/wp\/v2\/comments?post=3733"}],"version-history":[{"count":31,"href":"https:\/\/www.manatnet.com\/blog\/wp-json\/wp\/v2\/posts\/3733\/revisions"}],"predecessor-version":[{"id":3768,"href":"https:\/\/www.manatnet.com\/blog\/wp-json\/wp\/v2\/posts\/3733\/revisions\/3768"}],"wp:attachment":[{"href":"https:\/\/www.manatnet.com\/blog\/wp-json\/wp\/v2\/media?parent=3733"}],"wp:term":[{"taxonomy":"category","embeddable":true,"href":"https:\/\/www.manatnet.com\/blog\/wp-json\/wp\/v2\/categories?post=3733"},{"taxonomy":"post_tag","embeddable":true,"href":"https:\/\/www.manatnet.com\/blog\/wp-json\/wp\/v2\/tags?post=3733"}],"curies":[{"name":"wp","href":"https:\/\/api.w.org\/{rel}","templated":true}]}}