{"id":3082,"date":"2015-09-25T15:00:21","date_gmt":"2015-09-25T13:00:21","guid":{"rendered":"https:\/\/www.manatnet.com\/blog\/?p=3082"},"modified":"2017-08-03T11:33:17","modified_gmt":"2017-08-03T09:33:17","slug":"sind-wir-noch-ganz-gescheit","status":"publish","type":"post","link":"https:\/\/www.manatnet.com\/blog\/2015\/09\/sind-wir-noch-ganz-gescheit\/","title":{"rendered":"SIND WIR NOCH GANZ GESCHEIT?"},"content":{"rendered":"<p><a href=\"https:\/\/www.manatnet.com\/blog\/wp-content\/uploads\/2015\/09\/Fotograf_Juergen_Becker_fuer_MANATNET_Interim_Blog_Titel_Sind_wir_noch_ganz_gescheit.jpg\" target=\"_blank\" rel=\"noopener noreferrer\"><img decoding=\"async\" loading=\"lazy\" class=\"alignnone size-full wp-image-3083\" src=\"https:\/\/www.manatnet.com\/blog\/wp-content\/uploads\/2015\/09\/Fotograf_Juergen_Becker_fuer_MANATNET_Interim_Blog_Titel_Sind_wir_noch_ganz_gescheit_klein.jpg\" alt=\"Fotograf_Juergen_Becker_fuer_MANATNET_Interim_Blog_Titel_Sind_wir_noch_ganz_gescheit\" width=\"300\" height=\"225\" \/><\/a>Was sagt der Minister der Finsternis zur Fl\u00fcchtlingskrise? Ich werde den Teufel tun und mich an dieser Stelle dazu \u00e4u\u00dfern! Nur so viel: Die Interim Manager von MANATNET sind meine Zeugen, dass ich im Newsletter vom 1. dieses Monats geschrieben habe:<\/p>\n<p>&nbsp;<\/p>\n<p>\u201eNiemand spricht mehr \u00fcber Griechenland. Stattdessen beherrschen China (\u00fcberraschenderweise verl\u00e4uft auch dort die Wirtschaft nicht auf einem linearen Wachstumspfad) und Fl\u00fcchtlinge die Medien. Aus meiner pers\u00f6nlichen Sicht als Ex-Banker ist es besch\u00e4mend, wie leicht sich dieses Land getan hat, unfassbare Gelder notleidenden Banken zur Verf\u00fcgung zu stellen \u2013 und wie schwer sich dasselbe Land nun tut, notleidenden Menschen nachhaltig zu helfen. Ich w\u00fcrde den Hut ziehen, st\u00fcnde mal jemand auf und sagte:<\/p>\n<p>&nbsp;<\/p>\n<p>`Leute, lasst uns nicht vergessen: Dieses Land hat vor nicht einmal hundert Jahren massive Hilfe von anderen bekommen, weil es uns schlecht ging. Ich nenne nur beispielhaft die Luftbr\u00fccke und den Marshallplan. Heute geht es uns gut \u2013 und wir geh\u00f6ren zu den reichsten L\u00e4ndern auf diesem Planeten. Und wir schwimmen zurzeit in Steuergeldern. Erst k\u00fcrzlich wurde wieder ein \u00dcberschuss von 5 Mrd. Euro gegen\u00fcber der Sch\u00e4tzung verk\u00fcndet. Ich schlage hiermit vor: Wir verschenken dieses Geld an die Fl\u00fcchtlinge \u2013 und zwar folgenderma\u00dfen\u2026 !\u00b4\u201c<\/p>\n<p>&nbsp;<\/p>\n<p>Offenbar liest Herr Sch\u00e4uble meinen Newsletter\u2026.<\/p>\n<p>&nbsp;<\/p>\n<p>Und dann kam Volkswagen. \u201eDieselgate\u201c wie flugs der Hashtag bei Twitter lautete. Und wieder kam die Frage: Was sagt der Minister der Finsternis dazu?<\/p>\n<p>&nbsp;<\/p>\n<p>Auf diese Frage jedoch kann ich in meinem Blog eingehen:<\/p>\n<h2><strong>Der Minister der Finsternis ist zutiefst verst\u00f6rt!<\/strong><\/h2>\n<p>&nbsp;<\/p>\n<p>Wir hatten den Korruptionsskandal bei Siemens, wir hatten den Kasinobetrieb in den Banken (und haben ihn zum gro\u00dfen Teil noch immer), wir hatten den Image-seitigen Untergang der Deutschen Bank (manchmal denke ich, die besch\u00e4ftigen inzwischen mehr Anw\u00e4lte als Kundenbetreuer) \u2013 und nun haben wir Dieselgate.<\/p>\n<p>&nbsp;<\/p>\n<p>Und kosten das Desaster aus, suhlen uns darin \u2013 und ein Brennpunkt jagt den n\u00e4chsten.<\/p>\n<p>&nbsp;<\/p>\n<p>Es steht mir nicht an, Herrn Winterkorn zu kritisieren: Ich kenne ihn ja gar nicht! Zudem denke ich, ihm geb\u00fchrt Respekt f\u00fcr seinen R\u00fccktritt! Aber ich kann durchaus als kritischer Mensch auf dieses Desaster schauen und es f\u00fcr mich ganz pers\u00f6nlich einordnen:<\/p>\n<p>&nbsp;<\/p>\n<p>Anders als andere Meinungen, die in der Presse und im Internet kursieren, neige ich durchaus dazu, Herrn Winterkorn zu glauben, dass er nichts von den Manipulationen gewusst hat. Jeder, der einige Jahre in Konzernen gearbeitet hat, wei\u00df, dass Vorst\u00e4nde nicht viel tunn [sie lassen tun und entscheiden] und nicht viel wissen [Ich schlie\u00dfe nicht aus, dass es Ausnahmen gibt \u2013 nur: ich kenne keine!].<\/p>\n<p>&nbsp;<\/p>\n<p>Warum ist das so? Das ist deshalb so, weil in solchen Strukturen beinharte Machtspiele ablaufen, ungeniert Macht ausge\u00fcbt wird [\u201eOber sticht unter\u201c] und weil im Ergebnis Angst vor den \u201eM\u00e4chtigen\u201c vorherrscht. Und der jeweils hierarchisch H\u00f6herstehende ist dann der \u201eM\u00e4chtige\u201c. Angst wiederum f\u00fchrt \u2013 das ist ein Urinstinkt des Menschen \u2013 zu Schutzmechanismen auf Seiten der \u00c4ngstlichen. Hierzu geh\u00f6rt vor allem, Informationen zu filtern, zu sch\u00f6nen oder gar zur\u00fcckzuhalten. Dass das so ist, geben sogar Vorst\u00e4nde offen zu \u2013 tun aber nichts dagegen! Letztlich f\u00fchrt das dann dazu, was ein DAX-Vorstand mir vor vielen Jahren skizzierte: &#8222;Wenn meine Ebene komplett ausf\u00e4llt, werden Sie das kaum merken. Wenn die Ebene unter mir komplett ausf\u00e4llt, wird das die Existenz des Unternehmens gef\u00e4hrden!&#8220;<\/p>\n<p>&nbsp;<\/p>\n<p>Dennoch denke ich, dass das das kleinere Problem ist. Das wirkliche Problem ist \u2013 und ich h\u00e4tte vor Jahren nicht f\u00fcr m\u00f6glich gehalten, dass ich das mal sagen w\u00fcrde:<\/p>\n<h2><strong>Unser Wirtschaftssystem ist ernsthaft krank!<\/strong><\/h2>\n<p>&nbsp;<\/p>\n<p>Werfen Sie mal in eine Runde, die von Anzugtr\u00e4gern dominiert ist, die Frage: \u201eWer sagt eigentlich, dass Wachstum als \u00fcberragendes Ziel heute noch sinnvoll ist?\u201c Sie werden dann in einem Sperrfeuer an Argumenten untergehen, abgefeuert von den Tempel-Rittern vom heiligen Gral des Wachstums.<\/p>\n<p>&nbsp;<\/p>\n<p>Niemand fragt: Ist das richtig, wenn Unternehmen in einem Quartal Milliarden an Gewinnen einfahren?<\/p>\n<p>&nbsp;<\/p>\n<p>Niemand fragt: Ist das wirklich eine tolle Leistung oder m\u00fcsste man solche Unternehmen heutzutage nicht eher als unanst\u00e4ndig ansehen?<\/p>\n<p>&nbsp;<\/p>\n<p>Niemand fragt: Sind da die Produkte oder Dienstleistungen nicht v\u00f6llig \u00fcberteuert? Richtig, ich wei\u00df: Wenn\u00b4s der Markt hergibt! Und niemand wird gezwungen, das zu kaufen! Aber das beantwortet ja die Frage nicht!<\/p>\n<p>&nbsp;<\/p>\n<p>Niemand fragt schlie\u00dflich: Kann es sein, dass irgendwer hier vollkommen abgezockt wird?<\/p>\n<p>&nbsp;<\/p>\n<p>Oh, Becker, bist Du naiv!<\/p>\n<p>&nbsp;<\/p>\n<p>Egal! Im Wettbewerb, f\u00fcr den unser Wirtschaftssystem nun einmal steht, versuchen die Unternehmen stets, besser zu sein als andere \u2013 auch das wird nicht mehr hinterfragt! Von der Unternehmensspitze aus getrieben&#8230; [Nicht nur der Boni wegen, durchaus auch aus Gr\u00fcnden der Anerkennung.]<\/p>\n<p>&nbsp;<\/p>\n<p>Dieses in Stein gemei\u00dfelte Streben, stets besser zu sein als andere. Vor allem: Gr\u00f6\u00dfer \u2013 und dann profitabler! Und das mit allen Mitteln. Und wenn es dann immer schwerer wird, weil wir vielleicht doch hin und wieder an Grenzen sto\u00dfen:<\/p>\n<p>&nbsp;<\/p>\n<p>Dann hilft im Sport das Doping \u2013 und in der Wirtschaft hilft dann nur noch t\u00e4uschen, tricksen, tarnen!<\/p>\n<h2><strong>Das Schweigen der Opferl\u00e4mmer<\/strong><\/h2>\n<p>&nbsp;<\/p>\n<p>Das ist f\u00fcr mich ein schier unertr\u00e4glicher Zustand, denn wenn das der Weg zum Erfolg ist, dann m\u00fcssen Sie da mitmachen. Anderenfalls werden Sie nicht mehr erfolgreich sein k\u00f6nnen. Welch\u00b4 eine Perspektive!<\/p>\n<p>&nbsp;<\/p>\n<p>Und ich frage mich, wer eigentlich den Schaden, der bei VW entstanden ist, tragen wird. Ein Schelm, der meint, das sei Martin Winterkorn! Selbst wenn er derart honorig w\u00e4re, s\u00e4mtliche sich nun als \u00fcberzogen eingestrichene Boni zur\u00fcckzahlte, w\u00e4re nur ein Korn dieses Schadens abgedeckt. Immerhin hat Volkswagen (Stand Dienstag) sage und schreibe 25 Mrd. Euro an Wert verloren!<\/p>\n<p>&nbsp;<\/p>\n<p>Wer tr\u00e4gt diesen Verlust? Den Verlust tragen die Porsche-Holding und das Emirat Qatar \u2013 zu knapp einem Drittel jedoch zahllose (Volks-) Aktion\u00e4re, deren Depotwert um fast 40 Prozent (!) geschrumpft ist, sowie das Land Niedersachsen: Also auch wieder der Steuerzahler&#8230;<\/p>\n<p>&nbsp;<\/p>\n<p>Ein neuerlicher, wenn auch indirekter Griff in unsere Taschen. Ich erwarte zudem, dass aufgrund des Imageschadens Volkswagen in den kommenden Jahren weniger Autos verkaufen wird (Wettbewerb!), was unsere Gilde der Top-Manager traditionell mit \u201eMitarbeiter raus!\u201c beantwortet.<\/p>\n<p>&nbsp;<\/p>\n<p>Und wir lassen es zu, wie die Opferl\u00e4mmer\u2026.<\/p>\n<p>&nbsp;<\/p>\n<p>Und nun auch noch BMW!? Nat\u00fcrlich ist da nichts dran \u2026<\/p>\n<p>&nbsp;<\/p>\n<p>Und wie Mr. DAX, <a href=\"http:\/\/www.handelsblatt.com\/video\/finanzen\/dirk-muellers-cashkurs-das-ausmass-des-vw-skandals-ist-laecherlich-und-winterkorns-ruecktritt-auch\/12362660.html\" target=\"_blank\" rel=\"noopener noreferrer\">Dirk M\u00fcller,<\/a> zeigt, kann man das obendrein auch noch v\u00f6llig anders sehen kann: Ein gewohntes Bild in unserer Welt!<\/p>\n<p>&nbsp;<\/p>\n<p>Aber mal ehrlich:<\/p>\n<p>&nbsp;<\/p>\n<p>Sind wir noch ganz gescheit?<\/p>\n<p>&nbsp;<\/p>\n","protected":false},"excerpt":{"rendered":"<p>Was sagt der Minister der Finsternis zur Fl\u00fcchtlingskrise? Ich werde den Teufel tun und mich an dieser Stelle dazu \u00e4u\u00dfern! Nur so viel: Die Interim Manager von MANATNET sind meine Zeugen, dass ich im Newsletter vom 1. dieses Monats geschrieben &hellip; <a href=\"https:\/\/www.manatnet.com\/blog\/2015\/09\/sind-wir-noch-ganz-gescheit\/\">Weiterlesen <span class=\"meta-nav\">&rarr;<\/span><\/a><\/p>\n","protected":false},"author":3,"featured_media":0,"comment_status":"open","ping_status":"open","sticky":false,"template":"","format":"standard","meta":{"om_disable_all_campaigns":false,"_monsterinsights_skip_tracking":false,"_monsterinsights_sitenote_active":false,"_monsterinsights_sitenote_note":"","_monsterinsights_sitenote_category":0},"categories":[4],"tags":[41,49,38,34],"aioseo_notices":[],"_links":{"self":[{"href":"https:\/\/www.manatnet.com\/blog\/wp-json\/wp\/v2\/posts\/3082"}],"collection":[{"href":"https:\/\/www.manatnet.com\/blog\/wp-json\/wp\/v2\/posts"}],"about":[{"href":"https:\/\/www.manatnet.com\/blog\/wp-json\/wp\/v2\/types\/post"}],"author":[{"embeddable":true,"href":"https:\/\/www.manatnet.com\/blog\/wp-json\/wp\/v2\/users\/3"}],"replies":[{"embeddable":true,"href":"https:\/\/www.manatnet.com\/blog\/wp-json\/wp\/v2\/comments?post=3082"}],"version-history":[{"count":9,"href":"https:\/\/www.manatnet.com\/blog\/wp-json\/wp\/v2\/posts\/3082\/revisions"}],"predecessor-version":[{"id":3088,"href":"https:\/\/www.manatnet.com\/blog\/wp-json\/wp\/v2\/posts\/3082\/revisions\/3088"}],"wp:attachment":[{"href":"https:\/\/www.manatnet.com\/blog\/wp-json\/wp\/v2\/media?parent=3082"}],"wp:term":[{"taxonomy":"category","embeddable":true,"href":"https:\/\/www.manatnet.com\/blog\/wp-json\/wp\/v2\/categories?post=3082"},{"taxonomy":"post_tag","embeddable":true,"href":"https:\/\/www.manatnet.com\/blog\/wp-json\/wp\/v2\/tags?post=3082"}],"curies":[{"name":"wp","href":"https:\/\/api.w.org\/{rel}","templated":true}]}}