{"id":2968,"date":"2015-08-28T15:00:13","date_gmt":"2015-08-28T13:00:13","guid":{"rendered":"https:\/\/www.manatnet.com\/blog\/?p=2968"},"modified":"2015-10-05T18:47:56","modified_gmt":"2015-10-05T16:47:56","slug":"manatnet-kannste-vergessen","status":"publish","type":"post","link":"https:\/\/www.manatnet.com\/blog\/2015\/08\/manatnet-kannste-vergessen\/","title":{"rendered":"MANATNET? KANNSTE VERGESSEN!"},"content":{"rendered":"<p><a href=\"https:\/\/www.manatnet.com\/blog\/wp-content\/uploads\/2015\/08\/Fotograf_Juergen_Becker_fuer_MANATNET_Interim_Blog_Titel_MANATNET_kannste_vergessen.jpg\" target=\"_blank\"><img decoding=\"async\" loading=\"lazy\" class=\"alignnone size-full wp-image-2969\" src=\"https:\/\/www.manatnet.com\/blog\/wp-content\/uploads\/2015\/08\/Fotograf_Juergen_Becker_fuer_MANATNET_Interim_Blog_Titel_MANATNET_kannste_vergessen_klein.jpg\" alt=\"Fotograf_Juergen_Becker_fuer_MANATNET_Interim_Blog_Titel_MANATNET_kannste_vergessen\" width=\"300\" height=\"225\" \/><\/a>Im Interim Management, wie dicht liegt das doch zusammen: Hochstimmung und eins in die Fresse! Von der Hochstimmung handelte mein Blogeintrag am vergangenen Freitag: \u201e<a href=\"https:\/\/www.manatnet.com\/blog\/2015\/08\/manatnet-wohl-das-coolste-im-interim-management\/\" target=\"_blank\">MANATNET \u2013 WOHL DAS COOLSTE IM INTERIM MANAGEMENT<\/a>\u201c.<\/p>\n<p>&nbsp;<\/p>\n<p>\u00dcber die andere Seite schreibe ich heute. Immer noch im Umfeld derselben Anfrage. Und ich gebe unumwunden zu: Das Ma\u00df ist voll!<\/p>\n<p>&nbsp;<\/p>\n<p>Als der erste Kandidat mir aus seinem Urlaub antwortete und s\u00e4mtliche vom Kunden gew\u00fcnschten Unterlagen lieferte, war das ein Anlass f\u00fcr tiefen Respekt und f\u00fcr tiefe Zufriedenheit.<\/p>\n<p>&nbsp;<\/p>\n<p>Neben diesem Kandidaten hatte die Datenbank gut zwei Dutzend weitere Kandidaten f\u00fcr dieses Mandat als Interim-Eink\u00e4ufer vorgeschlagen. Und wie stets in einem solchen Fall rufe ich schnell das fachliche Profil des jeweiligen Interim Managers auf und \u00fcberpr\u00fcfe die Verf\u00fcgbarkeit. Diejenigen Interim Manager, die nicht verf\u00fcgbar sind, spreche ich erst gar nicht an: Wozu auch?<\/p>\n<p>&nbsp;<\/p>\n<p>F\u00fcr die \u00fcbrigen Interim Manager schaue ich mir in jedem Einzelfall (!) den jeweiligen Lebenslauf an und gleiche ihn grob mit dem Anforderungsprofil des Kunden ab. Nur in Ausnahmef\u00e4llen kommt dann der eine oder andere Interim Manager doch nicht in Frage \u2013 in aller Regel, wenn die gesuchte Erfahrung schon sehr viele Jahre zur\u00fcck liegt.<\/p>\n<p>&nbsp;<\/p>\n<p>\u00dcbrig blieben insgesamt 12 Interim Manager, die alle und ausnahmslos im Internet jedem, der\u00b4s sehen m\u00f6chte, ganz gro\u00df entgegenhalten: \u201eSIEHE: ICH BIN AB 1. SEPTEMBER F\u00dcR NEUE AUFGABEN VERF\u00dcGBAR! BITTE SPRICH MICH AN!\u201c<\/p>\n<h2><strong>Von 12 Interim Managern nur 10 verf\u00fcgbar<\/strong><\/h2>\n<p>&nbsp;<\/p>\n<p>Nun, ich mache dieses Interim-Gesch\u00e4ft seit gut 13 Jahren \u2013 und ich wei\u00df daher, dass nicht jedes Verf\u00fcgbarkeitsdatum korrekt sein wird \u2013 deshalb schalte ich einen Prozess-Schritt vor [wie unsagbar \u00fcberfl\u00fcssig!] und verifiziere die Verf\u00fcgbarkeit f\u00fcr jeden einzelnen (!) Interim Manager.<\/p>\n<p>&nbsp;<\/p>\n<p>Nie h\u00e4tte ich erwartet, dass ich jemals erleben w\u00fcrde, dass von 12 angesprochenen Interim Managern, nur zwei tats\u00e4chlich verf\u00fcgbar sein w\u00fcrden. Die anderen 10, f\u00fcr die Mathematiker unter uns: sage und schreibe 83,3 Prozent, waren es nicht!<\/p>\n<p>&nbsp;<\/p>\n<p><a href=\"https:\/\/www.manatnet.com\/blog\/wp-content\/uploads\/2015\/08\/10_von_12_Interim_Managern_nicht_verfuegbar.jpg\" target=\"_blank\"><img decoding=\"async\" loading=\"lazy\" class=\" size-full wp-image-2971 alignnone\" src=\"https:\/\/www.manatnet.com\/blog\/wp-content\/uploads\/2015\/08\/10_von_12_Interim_Managern_nicht_verfuegbar_klein.jpg\" alt=\"10_von_12_Interim_Managern_nicht_verfuegbar_klein\" width=\"300\" height=\"188\" \/><\/a><\/p>\n<p>Ich gehe an dieser Stelle nicht mehr darauf ein, wie wenig erfolgversprechend der wenig innovative, jedoch unverdrossen Verst\u00e4ndnis-heischende Versuch ist, sich selbst, nur scheinbar smart, zu exkulpieren: \u201eIch habe gerade am Mittwoch\/am Montag\/vor drei Tagen ein neues Mandat begonnen \u2013 und bin nur noch nicht dazu gekommen, meine Verf\u00fcgbarkeit zu \u00e4ndern\u2026.!\u201c<\/p>\n<p>&nbsp;<\/p>\n<p>Wissen Sie, das ist ja recht \u00fcberzeugend, wenn Sie das zum ersten Mal h\u00f6ren: Denn, wem k\u00f6nnte das nicht einmal passieren \u2013 auch wenn das einem Profi nicht passieren wird. Denn das scheinbare Argument, \u201eIch kann doch nicht jedes Mal alle meine Provider informieren, wenn ich ein neues Mandat angenommen habe\u201c, hat mich noch nie \u00fcberzeugt: Selbstverst\u00e4ndlich kannst Du! Inzwischen f\u00e4llt es v\u00f6llig in sich zusammen, weil Interim Manager ihr Verf\u00fcgbarkeitsdatum nur noch an einer Stelle angeben m\u00fcssen: <a href=\"http:\/\/www.meine-verfuegbarkeit.de\" target=\"_blank\">meine-verfuegbarkeit.de<\/a>. Und meine-verf\u00fcgbarkeit leitet das an alle angeschlossenen Interim-Provider weiter: fertig! Aus meiner Sicht die erste wirkliche Innovation im Interim Management seit MANATNET!<\/p>\n<p>&nbsp;<\/p>\n<p>Wenn Sie dieses \u201eIch habe gerade vorgestern ein Mandat unterschrieben \u2013 und ich bin nur noch nicht dazu gekommen\u2026.\u201c von so gut wie allen (!) Interim Managern h\u00f6ren, dann sitzen Sie nicht mehr fr\u00f6hlich pfeifend im B\u00fcro!<\/p>\n<p>&nbsp;<\/p>\n<p>Dann l\u00e4sst Sie zun\u00e4chst einmal und ganz egoisitisch die Frage nicht mehr los: \u201eWie kann ich mich vor einem derartigen Raubbau an meinen Zeitbudgets sch\u00fctzen?\u201c<\/p>\n<h2><strong>Solche Interim Manager gef\u00e4hrden mein Lebenswerk<\/strong><\/h2>\n<p>&nbsp;<\/p>\n<p>Das, meine verehrten Leser, ist jedoch bei weitem nicht mein gr\u00f6\u00dftes Problem! Viel schwerer wiegt, dass diese Interim Manager mein gesamtes Unternehmen, mein Lebenswerk, gef\u00e4hrden. Und das werde ich auf keinen Fall zulassen!<\/p>\n<p>&nbsp;<\/p>\n<p>Becker, jetzt \u00fcbertreibste aber!<\/p>\n<p>&nbsp;<\/p>\n<p>Stellen Sie sich [nur beispielhaft] vor, der Kunde registriert sich bei MANATNET und sucht dann nach einem Interim Manager als Technischen Gesch\u00e4ftsf\u00fchrer mit Erfahrung im Maschinenbau: Ein Klassiker.<\/p>\n<p>&nbsp;<\/p>\n<p>Die Datenbank zeigt ihm [beispielhaft und ohne jede Kritik &#8211; auch nicht unteschwellig an diesen Interim Managern!] die <a href=\"https:\/\/www.manatnet.com\/interim-manager.html?search_id=811lrgtmeu9rkjcc3j4spr8pn520150824180435\" target=\"_blank\">Longlist<\/a> mit 12 Interim Managern, die f\u00fcr seine Aufgabe in Frage kommen \u2013 und heute, wo ich das schreibe, alle ausnahmslos verf\u00fcgbar sind &#8211; genauer: \u00f6ffentlich bekunden, verf\u00fcgbar zu sein.<\/p>\n<p>&nbsp;<\/p>\n<p>Der Kunde schaut sich die fachlichen Profile an und entscheidet sich daf\u00fcr, mit dem billigsten, mit dem teuersten und mit einem Interim Manager aus dem preislichen Mittelfeld zu sprechen.<\/p>\n<p>&nbsp;<\/p>\n<p>Der Kunde l\u00e4dt sich die Lebensl\u00e4ufe herunter, unser System informiert die Interim Manager dar\u00fcber und der Kunde ruft den billigsten Interim Manager an:<\/p>\n<p>&nbsp;<\/p>\n<p>\u201eDanke, dass Sie mich ansprechen, aber ich habe gerade gestern ein neues Mandat angenommen. Bin nur noch nicht dazu gekommen, mein Verf\u00fcgbarkeitsdatum bei MANATNET zu \u00e4ndern!\u201c<\/p>\n<p>&nbsp;<\/p>\n<p>Der Kunde dankt, wundert sich ein wenig, hakt das aber ab: War ja der billigste Interim Manager! Er ruft den Kandidaten aus dem mittleren Preissegment an:<\/p>\n<p>&nbsp;<\/p>\n<p>\u201eDanke, dass Sie mich ansprechen, aber ich habe gerade am Mittwoch ein neues Mandat angenommen. Bin nur noch nicht dazu gekommen, mein Verf\u00fcgbarkeitsdatum bei MANATNET zu \u00e4ndern!\u201c<\/p>\n<p>&nbsp;<\/p>\n<p>Der Kunde dankt, wundert sich, hakt das aber ab: Kann ja mal passieren. Er ruft den teuersten Kandidaten an:<\/p>\n<p>&nbsp;<\/p>\n<p>\u201eDanke, dass Sie mich ansprechen, aber gerade am diesem Montag, stellen Sie sich vor!, ist mein derzeitiges Mandat um weitere drei Monate verl\u00e4ngert worden. Bin nur noch nicht dazu gekommen, mein Verf\u00fcgbarkeitsdatum bei MANATNET zu \u00e4ndern!\u201c<\/p>\n<p>&nbsp;<\/p>\n<p>Der Kunde dankt, ist verst\u00f6rt, hat aber dummerweise ein echtes Problem im Unternehmen, das er l\u00f6sen muss \u2013 anderenfalls w\u00e4re er schon l\u00e4ngst weg! Also: Augen zu und durch, wir haben ja noch ein paar Kandidaten auf der Long-List.<\/p>\n<p>&nbsp;<\/p>\n<p>\u201eDanke, dass Sie mich ansprechen, aber gerade vor ein paar Tagen ist mein derzeitiges Mandat um weitere sechs Monate verl\u00e4ngert worden. Bin nur noch nicht dazu gekommen, mein Verf\u00fcgbarkeitsdatum bei MANATNET zu \u00e4ndern!\u201c<\/p>\n<p>&nbsp;<\/p>\n<p>Der Kunde dankt, atmet ersten \u00c4rger weg. Okay, der n\u00e4chste aber\u2026<\/p>\n<p>&nbsp;<\/p>\n<p>\u201eDanke, dass Sie mich ansprechen, aber ich habe gerade am Dienstag ein neues Mandat angenommen. Bin nur noch nicht dazu gekommen, mein Verf\u00fcgbarkeitsdatum bei MANATNET zu \u00e4ndern!\u201c<\/p>\n<p>&nbsp;<\/p>\n<p>Frostig, kurz dankt der Kunde, legt auf, starrt ungl\u00e4ubig \u00fcber seinen Schreibtisch, auf dem sich die Arbeit t\u00fcrmt \u2013 und unterdr\u00fcckt ein \u201eWollt Ihr mich eigentlich verarschen!?\u201c, das in seinem beruflichen Umfeld nicht gern geh\u00f6rt wird.<\/p>\n<p>&nbsp;<\/p>\n<p>Aber eins hat sich in seinem Hirn jetzt ganz fest eingebrannt:<\/p>\n<p>&nbsp;<\/p>\n<p>MANATNET? Kannste vergessen!<\/p>\n<p>&nbsp;<\/p>\n<p>Nie, nie im Leben werde ich das zulassen.<\/p>\n<p>&nbsp;<\/p>\n<p>Es hat lange gedauert, aber schlie\u00dflich haben wir es doch geschafft, Interim Manager vom Marktplatz zu entfernen, die partout ihre Lebensl\u00e4ufe nicht aktualisierten. Nun glaube niemand, dass mir das leicht gefallen ist, aber am Ende war die eine Frage entscheidend: Was zum Teufel soll ich mit alten Daten anfangen?<\/p>\n<p>&nbsp;<\/p>\n<p>Ich verk\u00fcnde hier und heute: Ich werde ab jetzt einen geh\u00f6rigen Teil meiner Kraft dem Kampf gegen die \u201eFalsche Verf\u00fcgbarkeit\u201c widmen. Und ich werde dieses existenzbedrohende Problem l\u00f6sen, ob noch in diesem Jahr oder erst im n\u00e4chsten, ist dabei zweitrangig. Denn l\u00f6sen werde ich dieses Problem: Mit absoluter Sicherheit!<\/p>\n<p>&nbsp;<\/p>\n<p>Denn niemals werde ich es zulassen, dass auch nur ein einziger Kunde denkt:<\/p>\n<p>&nbsp;<\/p>\n<p>MANATNET? Kannste vergessen!<\/p>\n<p>&nbsp;<\/p>\n","protected":false},"excerpt":{"rendered":"<p>Im Interim Management, wie dicht liegt das doch zusammen: Hochstimmung und eins in die Fresse! Von der Hochstimmung handelte mein Blogeintrag am vergangenen Freitag: \u201eMANATNET \u2013 WOHL DAS COOLSTE IM INTERIM MANAGEMENT\u201c. &nbsp; \u00dcber die andere Seite schreibe ich heute. &hellip; <a href=\"https:\/\/www.manatnet.com\/blog\/2015\/08\/manatnet-kannste-vergessen\/\">Weiterlesen <span class=\"meta-nav\">&rarr;<\/span><\/a><\/p>\n","protected":false},"author":3,"featured_media":0,"comment_status":"open","ping_status":"open","sticky":false,"template":"","format":"standard","meta":{"om_disable_all_campaigns":false,"_monsterinsights_skip_tracking":false,"_monsterinsights_sitenote_active":false,"_monsterinsights_sitenote_note":"","_monsterinsights_sitenote_category":0},"categories":[4],"tags":[19,54,42,11,9,33,24,46,28,32,52,38,10],"aioseo_notices":[],"_links":{"self":[{"href":"https:\/\/www.manatnet.com\/blog\/wp-json\/wp\/v2\/posts\/2968"}],"collection":[{"href":"https:\/\/www.manatnet.com\/blog\/wp-json\/wp\/v2\/posts"}],"about":[{"href":"https:\/\/www.manatnet.com\/blog\/wp-json\/wp\/v2\/types\/post"}],"author":[{"embeddable":true,"href":"https:\/\/www.manatnet.com\/blog\/wp-json\/wp\/v2\/users\/3"}],"replies":[{"embeddable":true,"href":"https:\/\/www.manatnet.com\/blog\/wp-json\/wp\/v2\/comments?post=2968"}],"version-history":[{"count":28,"href":"https:\/\/www.manatnet.com\/blog\/wp-json\/wp\/v2\/posts\/2968\/revisions"}],"predecessor-version":[{"id":3102,"href":"https:\/\/www.manatnet.com\/blog\/wp-json\/wp\/v2\/posts\/2968\/revisions\/3102"}],"wp:attachment":[{"href":"https:\/\/www.manatnet.com\/blog\/wp-json\/wp\/v2\/media?parent=2968"}],"wp:term":[{"taxonomy":"category","embeddable":true,"href":"https:\/\/www.manatnet.com\/blog\/wp-json\/wp\/v2\/categories?post=2968"},{"taxonomy":"post_tag","embeddable":true,"href":"https:\/\/www.manatnet.com\/blog\/wp-json\/wp\/v2\/tags?post=2968"}],"curies":[{"name":"wp","href":"https:\/\/api.w.org\/{rel}","templated":true}]}}