{"id":2852,"date":"2015-06-12T15:00:00","date_gmt":"2015-06-12T13:00:00","guid":{"rendered":"https:\/\/www.manatnet.com\/blog\/?p=2852"},"modified":"2015-06-12T11:32:56","modified_gmt":"2015-06-12T09:32:56","slug":"interim-management-follows-interim-housing","status":"publish","type":"post","link":"https:\/\/www.manatnet.com\/blog\/2015\/06\/interim-management-follows-interim-housing\/","title":{"rendered":"INTERIM MANAGEMENT FOLLOWS INTERIM HOUSING!"},"content":{"rendered":"<p><a title=\"Fotograf_Juergen_Becker_fuer_MANATNET_Interim_Blog_Titel_Interim_Management_follows_Interim_Housing\" href=\"https:\/\/www.manatnet.com\/blog\/wp-content\/uploads\/2015\/06\/Fotograf_Juergen_Becker_fuer_MANATNET_Interim_Blog_Titel_Interim_Management_follows_Interim_Housing.jpg\" target=\"_blank\"><img decoding=\"async\" loading=\"lazy\" class=\"alignnone size-full wp-image-2853\" src=\"https:\/\/www.manatnet.com\/blog\/wp-content\/uploads\/2015\/06\/Fotograf_Juergen_Becker_fuer_MANATNET_Interim_Blog_Titel_Interim_Management_follows_Interim_Housing_klein.jpg\" alt=\"Fotograf_Juergen_Becker_fuer_MANATNET_Interim_Blog_Titel_Interim_Management_follows_Interim_Housing\" width=\"300\" height=\"400\" srcset=\"https:\/\/www.manatnet.com\/blog\/wp-content\/uploads\/2015\/06\/Fotograf_Juergen_Becker_fuer_MANATNET_Interim_Blog_Titel_Interim_Management_follows_Interim_Housing_klein.jpg 300w, https:\/\/www.manatnet.com\/blog\/wp-content\/uploads\/2015\/06\/Fotograf_Juergen_Becker_fuer_MANATNET_Interim_Blog_Titel_Interim_Management_follows_Interim_Housing_klein-225x300.jpg 225w\" sizes=\"(max-width: 300px) 100vw, 300px\" \/><\/a>Auch ein Interim-Provider braucht mal Urlaub. Nach 15 Monaten stehen zwei Wochen Sylt an. Ja, kleinlaut gebe ich zu: Ich bin Sylt-sychtig!<\/p>\n<p>&nbsp;<\/p>\n<p>Die Ferienwohnung ist gemietet. 2 Zimmer f\u00fcr eben diese 2 Wochen. Weitgehend klaglos werden 2.300 Euro auf den Tisch des Herrn gebl\u00e4ttert \u2013 und das auch noch vornweg.<\/p>\n<p>&nbsp;<\/p>\n<p>Warum, zum Teufel, mache ich das leichterhand? Warum protestiere ich nicht lauthals ob dieses Preises?<\/p>\n<p>&nbsp;<\/p>\n<p>Denn, festzuhalten bleibt:<\/p>\n<p>&nbsp;<\/p>\n<p>Die Wohnung ist zwei Drittel kleiner als meine private Wohnung!<\/p>\n<p>&nbsp;<\/p>\n<p>Und gleichzeitig ist die Ferien-Wohnung gut dreimal so teuer, wie meine private Wohnung \u2013 auf Monatsbasis!<\/p>\n<p>&nbsp;<\/p>\n<p>Wie kann man denn nur so bl\u00f6de sein, so etwas zu akzeptieren? Als smarter Betriebswirt, ausgewiesener Zahlenmensch und dunkel dekorierter Minister der Finsternis?<\/p>\n<p>&nbsp;<\/p>\n<p>Weil diese Sichtweise schlicht falsch ist:<\/p>\n<p>&nbsp;<\/p>\n<p>Diese Wohnung ist sehr gut, genau das, was ich jetzt auf Sylt brauche und sie ist sofort verf\u00fcgbar. Der Vermieter erwartet nicht, dass ich die H\u00fctte langfristig miete, sondern muss sich selbst darum k\u00fcmmern, dass sie nicht allzu lange leer steht \u2013 und ich habe nichts mit alldem zu tun: Vorher nicht \u2013 und nachher nicht, so lange ich sie pfleglich behandele. Und das werde ich ganz sicher!<\/p>\n<p>&nbsp;<\/p>\n<p>Ich habe keinen langfristigen Mietvertrag am Hals, sondern ich schlie\u00dfe die Bude am ersten Tag auf und am Ende der zwei Wochen sperre ich wieder zu und gebe den Schl\u00fcssel ab. Keine K\u00fcndigungsfristen, keine Kaution, keine Nebenkosten, keine Sorgen: Denn ich habe Urlaub!<\/p>\n<p>&nbsp;<\/p>\n<p>Und ich finde meine Wohnung f\u00fcr den Urlaub \u2013 wenn ich denn nicht versuche, stets dieselbe zu ergattern \u2013 \u00fcber Vermittler, die sich darauf spezialisiert haben und dessen Kerngesch\u00e4ft es ist, mich auf diese Weise gl\u00fccklich zu machen.<\/p>\n<p>&nbsp;<\/p>\n<p>Gute, lang etablierte und anerkannte Vermittler, die ihren Sylter Markt bestens kennen und folglich mir gute H\u00fctten anbieten k\u00f6nnen \u2013 und es gibt die anderen. Aber die spreche ich ohnehin nicht an: Wer w\u00fcrde ein solches Risiko gehen? Oder, die modernen unter uns, finden ihr Domizil \u00fcber Internet-Marktpl\u00e4tze wie z. B. <a title=\"AIRBNB\" href=\"https:\/\/www.airbnb.de\/\" target=\"_blank\">Airbnb<\/a>.<\/p>\n<p>&nbsp;<\/p>\n<p>Was um Himmels willen soll das alles in meinem Interim-Blog?<\/p>\n<p>&nbsp;<\/p>\n<p>Nun, die Analogie zum Interim Management ist schon erstaunlich. Nur vergleichen halt hier im Interim Management unfassbar viele Kunden die Interim Manager mit festangestellten Mitarbeitern. Und lassen prompt diese Vergleichsrechnung zu Gunsten der \u201ePrivaten Wohnung\u201c ausfallen. Im Ergebnis bleiben sie dann daheim und fahren folglich erst gar nicht in Urlaub \u2013 um im Bild zu bleiben.<\/p>\n<p>&nbsp;<\/p>\n<p>Sie lassen dabei all das au\u00dfen vor, was Interim Management ausmacht.<\/p>\n<p>&nbsp;<\/p>\n<p>Die entscheidende Frage lautet nun: Warum ist beim \u201eInterim Housing selbstverst\u00e4ndlich, was beim Interim Management immer und immer wieder neu erkl\u00e4rt werden muss?<\/p>\n<p>&nbsp;<\/p>\n<p>Lassen wir sie stehen, diese Frage. Aber auf absehbare Zeit gilt:<\/p>\n<p>&nbsp;<\/p>\n<p>Interim Management follows Interim Housing!<\/p>\n<p>&nbsp;<\/p>\n<p>&nbsp;<\/p>\n<p>PS: Ich danke Herrn Dr. Loose f\u00fcr die Idee zu diesem Blogeintrag<\/p>\n<p>&nbsp;<\/p>\n","protected":false},"excerpt":{"rendered":"<p>Auch ein Interim-Provider braucht mal Urlaub. Nach 15 Monaten stehen zwei Wochen Sylt an. Ja, kleinlaut gebe ich zu: Ich bin Sylt-sychtig! &nbsp; Die Ferienwohnung ist gemietet. 2 Zimmer f\u00fcr eben diese 2 Wochen. Weitgehend klaglos werden 2.300 Euro auf &hellip; <a href=\"https:\/\/www.manatnet.com\/blog\/2015\/06\/interim-management-follows-interim-housing\/\">Weiterlesen <span class=\"meta-nav\">&rarr;<\/span><\/a><\/p>\n","protected":false},"author":3,"featured_media":0,"comment_status":"open","ping_status":"open","sticky":false,"template":"","format":"standard","meta":{"om_disable_all_campaigns":false,"_monsterinsights_skip_tracking":false,"_monsterinsights_sitenote_active":false,"_monsterinsights_sitenote_note":"","_monsterinsights_sitenote_category":0},"categories":[4],"tags":[8,49],"aioseo_notices":[],"_links":{"self":[{"href":"https:\/\/www.manatnet.com\/blog\/wp-json\/wp\/v2\/posts\/2852"}],"collection":[{"href":"https:\/\/www.manatnet.com\/blog\/wp-json\/wp\/v2\/posts"}],"about":[{"href":"https:\/\/www.manatnet.com\/blog\/wp-json\/wp\/v2\/types\/post"}],"author":[{"embeddable":true,"href":"https:\/\/www.manatnet.com\/blog\/wp-json\/wp\/v2\/users\/3"}],"replies":[{"embeddable":true,"href":"https:\/\/www.manatnet.com\/blog\/wp-json\/wp\/v2\/comments?post=2852"}],"version-history":[{"count":12,"href":"https:\/\/www.manatnet.com\/blog\/wp-json\/wp\/v2\/posts\/2852\/revisions"}],"predecessor-version":[{"id":2856,"href":"https:\/\/www.manatnet.com\/blog\/wp-json\/wp\/v2\/posts\/2852\/revisions\/2856"}],"wp:attachment":[{"href":"https:\/\/www.manatnet.com\/blog\/wp-json\/wp\/v2\/media?parent=2852"}],"wp:term":[{"taxonomy":"category","embeddable":true,"href":"https:\/\/www.manatnet.com\/blog\/wp-json\/wp\/v2\/categories?post=2852"},{"taxonomy":"post_tag","embeddable":true,"href":"https:\/\/www.manatnet.com\/blog\/wp-json\/wp\/v2\/tags?post=2852"}],"curies":[{"name":"wp","href":"https:\/\/api.w.org\/{rel}","templated":true}]}}