{"id":2812,"date":"2015-05-22T15:00:30","date_gmt":"2015-05-22T13:00:30","guid":{"rendered":"https:\/\/www.manatnet.com\/blog\/?p=2812"},"modified":"2015-05-20T11:38:07","modified_gmt":"2015-05-20T09:38:07","slug":"fassungslos-im-interim-management","status":"publish","type":"post","link":"https:\/\/www.manatnet.com\/blog\/2015\/05\/fassungslos-im-interim-management\/","title":{"rendered":"FASSUNGSLOS IM INTERIM MANAGEMENT!"},"content":{"rendered":"<p><a title=\"Fotograf_Juergen_Becker_fuer_MANATNET_Interim_Blog_Titel_Fassungslos_im_Interim_Management\" href=\"https:\/\/www.manatnet.com\/blog\/wp-content\/uploads\/2015\/05\/Fotograf_Juergen_Becker_fuer_MANATNET_Interim_Blog_Titel_Fassungslos_im_Interim_Management.jpg\" target=\"_blank\"><img decoding=\"async\" loading=\"lazy\" class=\"alignnone size-full wp-image-2813\" src=\"https:\/\/www.manatnet.com\/blog\/wp-content\/uploads\/2015\/05\/Fotograf_Juergen_Becker_fuer_MANATNET_Interim_Blog_Titel_Fassungslos_im_Interim_Management_klein.jpg\" alt=\"Fotograf_Juergen_Becker_fuer_MANATNET_Interim_Blog_Titel_Fassungslos_im_Interim_Management\" width=\"300\" height=\"206\" \/><\/a>Im Interim Management brauchen Kunden in Deutschland mitunter, fast h\u00e4tte ich geschrieben \u201eoftmals\u201c, recht lange f\u00fcr ihre Entscheidungen. Verbl\u00fcffender Weise.<\/p>\n<p>&nbsp;<\/p>\n<p>Aber nicht nur im Interim Management, wie man wei\u00df. Die Gr\u00fcnde tun nichts zur Sache. Fakt ist: Allein anhand der Reaktionszeiten der Unternehmen, mit denen MANATNET zusammenarbeitet \u2013 und wir blicken immerhin auf ein gutes Dutzend Jahre zur\u00fcck! \u2013 l\u00e4sst sich ableiten: Deutsche Unternehmen sind nicht schnell genug! Und ich denke ganz pers\u00f6nlich, dass sich das irgendwann im Wettbewerb r\u00e4chen wird\u00a0\u2013 mit schnelleren Unternehmen&#8230;<\/p>\n<p>&nbsp;<\/p>\n<p>Ich wei\u00df, jetzt kommen wieder die \u201eWir sind doch damit gut gefahren!\u201c oder \u201eGut Ding braucht Weile\u201c-Plattit\u00fcden.<\/p>\n<p>&nbsp;<\/p>\n<p>Aber darauf will ich nicht hinaus: Es f\u00e4llt halt nur auf und besch\u00e4ftigt mich.<\/p>\n<p>&nbsp;<\/p>\n<h2><strong>Jeder f\u00fcnfte Interim Manager reagiert auf Anfragen nicht<\/strong><\/h2>\n<p>&nbsp;<\/p>\n<p>Noch mehr besch\u00e4ftigt mich jedoch, dass ich das inzwischen auch auf Seiten der Interim Manager erlebe!<\/p>\n<p>&nbsp;<\/p>\n<p>Dass im Schnitt gut jeder f\u00fcnfte Interim Manager (das sind deutlich mehr als <a title=\"Mit manchen Interim Managern geht einfach nichts\" href=\"https:\/\/www.manatnet.com\/blog\/2012\/02\/mit_manchen_interim_managern_geht_einfach_nichts\/\" target=\"_blank\">vor gut drei Jahren<\/a>) nicht einmal reagiert, wenn ich ihm oder ihr eine Projektanfrage vorstelle, auf die sein oder ihr Profil passt: Daran habe ich mich gew\u00f6hnt \u2013 kopfsch\u00fcttelnd zwar und die Frage nach der Professionalit\u00e4t dieser Interim Manager verdr\u00e4ngend. Ist halt wohl so!<\/p>\n<p>&nbsp;<\/p>\n<p>Allerdings freue ich mich schon jetzt auf irgendeinen aus dieser Liga, der mir vorwerfen wird: \u201e\u00dcber MANATNET kommt ja nix!\u201c\u2026<\/p>\n<p>&nbsp;<\/p>\n<p>Die \u2013 gr\u00f6\u00dfere! \u2013 Gruppe der Interim Manager, die auf meine Projektanfrage \u201egerade gestern\/in der vergangenen Woche f\u00fcr ein Projekt unterschrieben haben und nur noch nicht dazu gekommen sind, das Verf\u00fcgbarkeitsdatum anzupassen\u201c sorgt \u2013 <a title=\"Urlaub schafft nur Probleme\" href=\"https:\/\/www.manatnet.com\/blog\/2014\/01\/urlaub-schafft-nur-probleme\/\" target=\"_blank\">anders als fr\u00fcher!<\/a> \u2013 nicht mal mehr f\u00fcr MANATNET-interne Heiterkeit.<\/p>\n<p>&nbsp;<\/p>\n<h2><strong>Neue Evolutionsstufe der Unzuverl\u00e4ssigkeit<\/strong><\/h2>\n<p>&nbsp;<\/p>\n<p>Jetzt hat das Larifari auf Seiten der Interim Manager eine neue Evolutionsstufe erreicht!<\/p>\n<p>&nbsp;<\/p>\n<p>Kunde (Samstag!):<\/p>\n<p>&nbsp;<\/p>\n<p>\u201eHerr Becker,<\/p>\n<p>&nbsp;<\/p>\n<p>ich kann Herrn XYZ nicht erreichen \u2013 \u00fcber Mail nicht, \u00fcber Festnetz nicht und \u00fcber Mobil auch nicht! Ist da etwas passiert?\u201c<\/p>\n<p>&nbsp;<\/p>\n<p>So ganz unberechtigt ist seine Sorge nicht! Erst im Januar dieses Jahres bin ich darauf eingegangen: <a title=\"Reagiert nicht mehr zeigt: Lebt nicht mehr\" href=\"https:\/\/www.manatnet.com\/blog\/2015\/01\/reagiert-nicht-mehr-zeigt-lebt-nicht-mehr\/\" target=\"_blank\">Reagiert nicht mehr hei\u00dft: Lebt nicht mehr!<\/a><\/p>\n<p>&nbsp;<\/p>\n<p>Meine Antwort (Samstag!):<\/p>\n<p>&nbsp;<\/p>\n<p>\u201eIch k\u00fcmmere mich darum, Herr Kunde, und melde mich:\u201c<\/p>\n<p>&nbsp;<\/p>\n<p>Der Interim Manager hat das erste Gespr\u00e4ch mit dem Kunden gef\u00fchrt, grunds\u00e4tzlich passte alles \u2013 ein paar Dinge waren noch zu kl\u00e4ren. Und dauerten, zugegeben (siehe oben) etwa zwei Wochen.<\/p>\n<p>&nbsp;<\/p>\n<p>Ich versuche den Interim Manager zu erreichen: Per Mail, Festnetz, Mobile, Anrufbeantworter und SMS.<\/p>\n<p>&nbsp;<\/p>\n<p>Sonntag! Montag. Keine Reaktion. Nichts. Nada.<\/p>\n<p>&nbsp;<\/p>\n<p>Am Dienstag dann erreicht der Kunde den Interim Manager: Der Interim Manager sagt ab.<\/p>\n<p>&nbsp;<\/p>\n<p>Zur\u00fcck bleiben ein verst\u00f6rter Kunde und ich, dessen Lead-to-Deal-Quote neuerdings auch die Interim Manager zerschie\u00dfen. Wie reagiere ich darauf?<\/p>\n<p>&nbsp;<\/p>\n<p>Fassungslos im Interim Management!<\/p>\n<p>&nbsp;<\/p>\n","protected":false},"excerpt":{"rendered":"<p>Im Interim Management brauchen Kunden in Deutschland mitunter, fast h\u00e4tte ich geschrieben \u201eoftmals\u201c, recht lange f\u00fcr ihre Entscheidungen. Verbl\u00fcffender Weise. &nbsp; Aber nicht nur im Interim Management, wie man wei\u00df. Die Gr\u00fcnde tun nichts zur Sache. Fakt ist: Allein anhand &hellip; <a href=\"https:\/\/www.manatnet.com\/blog\/2015\/05\/fassungslos-im-interim-management\/\">Weiterlesen <span class=\"meta-nav\">&rarr;<\/span><\/a><\/p>\n","protected":false},"author":3,"featured_media":0,"comment_status":"open","ping_status":"open","sticky":false,"template":"","format":"standard","meta":{"om_disable_all_campaigns":false,"_monsterinsights_skip_tracking":false,"_monsterinsights_sitenote_active":false,"_monsterinsights_sitenote_note":"","_monsterinsights_sitenote_category":0},"categories":[4],"tags":[41,9,46,47,32,40],"aioseo_notices":[],"_links":{"self":[{"href":"https:\/\/www.manatnet.com\/blog\/wp-json\/wp\/v2\/posts\/2812"}],"collection":[{"href":"https:\/\/www.manatnet.com\/blog\/wp-json\/wp\/v2\/posts"}],"about":[{"href":"https:\/\/www.manatnet.com\/blog\/wp-json\/wp\/v2\/types\/post"}],"author":[{"embeddable":true,"href":"https:\/\/www.manatnet.com\/blog\/wp-json\/wp\/v2\/users\/3"}],"replies":[{"embeddable":true,"href":"https:\/\/www.manatnet.com\/blog\/wp-json\/wp\/v2\/comments?post=2812"}],"version-history":[{"count":12,"href":"https:\/\/www.manatnet.com\/blog\/wp-json\/wp\/v2\/posts\/2812\/revisions"}],"predecessor-version":[{"id":2826,"href":"https:\/\/www.manatnet.com\/blog\/wp-json\/wp\/v2\/posts\/2812\/revisions\/2826"}],"wp:attachment":[{"href":"https:\/\/www.manatnet.com\/blog\/wp-json\/wp\/v2\/media?parent=2812"}],"wp:term":[{"taxonomy":"category","embeddable":true,"href":"https:\/\/www.manatnet.com\/blog\/wp-json\/wp\/v2\/categories?post=2812"},{"taxonomy":"post_tag","embeddable":true,"href":"https:\/\/www.manatnet.com\/blog\/wp-json\/wp\/v2\/tags?post=2812"}],"curies":[{"name":"wp","href":"https:\/\/api.w.org\/{rel}","templated":true}]}}