{"id":2739,"date":"2015-04-13T15:00:21","date_gmt":"2015-04-13T13:00:21","guid":{"rendered":"https:\/\/www.manatnet.com\/blog\/?p=2739"},"modified":"2015-04-13T13:09:17","modified_gmt":"2015-04-13T11:09:17","slug":"aimp-jahresforum-2015-klassentreffen-auf-allerhochstem-niveau","status":"publish","type":"post","link":"https:\/\/www.manatnet.com\/blog\/2015\/04\/aimp-jahresforum-2015-klassentreffen-auf-allerhochstem-niveau\/","title":{"rendered":"AIMP-JAHRESFORUM 2015: KLASSENTREFFEN AUF ALLERH\u00d6CHSTEM NIVEAU"},"content":{"rendered":"<p><a href=\"https:\/\/www.manatnet.com\/blog\/wp-content\/uploads\/2015\/04\/AIMP_Jahresforum_2015_Ein_Klassentreffen_auf-allerhoechstem-Niveau.jpg\"><img decoding=\"async\" loading=\"lazy\" class=\"alignleft wp-image-2740\" src=\"https:\/\/www.manatnet.com\/blog\/wp-content\/uploads\/2015\/04\/AIMP_Jahresforum_2015_Ein_Klassentreffen_auf-allerhoechstem-Niveau.jpg\" alt=\"AIMP_Jahresforum_2015_Ein_Klassentreffen_auf-allerhoechstem-Niveau (Foto: Stephan Sasek)\" width=\"300\" height=\"214\" srcset=\"https:\/\/www.manatnet.com\/blog\/wp-content\/uploads\/2015\/04\/AIMP_Jahresforum_2015_Ein_Klassentreffen_auf-allerhoechstem-Niveau.jpg 624w, https:\/\/www.manatnet.com\/blog\/wp-content\/uploads\/2015\/04\/AIMP_Jahresforum_2015_Ein_Klassentreffen_auf-allerhoechstem-Niveau-300x214.jpg 300w, https:\/\/www.manatnet.com\/blog\/wp-content\/uploads\/2015\/04\/AIMP_Jahresforum_2015_Ein_Klassentreffen_auf-allerhoechstem-Niveau-420x300.jpg 420w\" sizes=\"(max-width: 300px) 100vw, 300px\" \/><\/a>Mein Blog nach dem AIMP-Jahresforum vorgestern unterscheidet sich von allen anderen aus den vergangenen siebeneinhalb Jahren: Der Text ist nicht von mir!<\/p>\n<p>&nbsp;<\/p>\n<p>Sondern von einem gestandenen und marktbekannten Interim Manager.<\/p>\n<p>&nbsp;<\/p>\n<p>Aber was zum Teufel k\u00f6nnte ich besser schreiben, als das hier?<\/p>\n<p>&nbsp;<\/p>\n<p>\u201eEine Kollegin fragte mich nach der AIMP-Tagung.<\/p>\n<p>&nbsp;<\/p>\n<p>Dies ist meine Antwort an die Kollegin &#8211; und mein Dank an Sie:<\/p>\n<p>&nbsp;<\/p>\n<p>Ja, es war ein Wellness-Wochenende.<\/p>\n<p>&nbsp;<\/p>\n<p>Superprogramm, perfekteste Organisation, tolle Lage der Burg und die besten Teilnehmer, die ich je bei einer Tagung der Interim Management-Gemeinde hatte.<\/p>\n<p>&nbsp;<\/p>\n<p>Das war ein<\/p>\n<p>&nbsp;<\/p>\n<h2>Klassentreffen auf allerh\u00f6chstem Niveau.<\/h2>\n<p>&nbsp;<\/p>\n<p>Die Spitzenklasse beim Klassentreffen.<\/p>\n<p>&nbsp;<\/p>\n<p>Gepr\u00e4gt durch die Stammprovider der ersten Garnitur, gepr\u00e4gt durch viele qualifizierte altgediente IM und die wenigen Neulinge unter den Kollegen taten gut daran, sich schnell anzupassen.<\/p>\n<p>&nbsp;<\/p>\n<p>Doofe Provider und Interim Manager, die ohne Mandat schon alle Erfahrung der Welt hatten: das gab es nicht.<\/p>\n<p>&nbsp;<\/p>\n<p>Die Teilnehmerzahl war begrenzt und das allein sorgte schon f\u00fcr Qualit\u00e4tsauslese.<\/p>\n<p>&nbsp;<\/p>\n<h2>Ehrliche Gespr\u00e4che, kaum hei\u00dfe Luft.<\/h2>\n<p>&nbsp;<\/p>\n<p>Mit vielen Providern habe ich mich sehr einvernehmlich unterhalten \u00fcber die aktuelle Schwemme von Arbeitslosen, die so ganz pl\u00f6tzlich begnadete Interim Manager sind und \u00fcber die ber\u00fchmten Girlies bei so manchem Provider, die Anfragen eher vernichten als f\u00f6rdernd bearbeiten&#8230;<\/p>\n<p>&nbsp;<\/p>\n<p>Pfauenhaftes Aufgeplustere unter uns Kollegen gab es kaum \u2013 irgendwie haben die Veranstalter es geschafft, da einen Geist der Ehrlichkeit und der offenen Kollegialit\u00e4t reinzubringen.<\/p>\n<p>&nbsp;<\/p>\n<p>Klassentreffen, bei dem der eine nach manchmal bis zu 15 Jahren gemeinsamer Arbeit nun wirklich wei\u00df, was beim Anderen die Butter kostet. Kein Klassentreffen \u00e0 la mein Auto, mein Schiff, mein Haus.<\/p>\n<p>&nbsp;<\/p>\n<p>Das w\u00e4re sofort dumm aufgefallen, da irgendwer das bestimmt mitgeh\u00f6rt und dann zwischengegr\u00e4tscht w\u00e4re.<\/p>\n<p>&nbsp;<\/p>\n<p>Und sehr viele Gespr\u00e4che mit Providern eben <strong>nicht \u00fcber das Tagesgesch\u00e4ft und &#8222;wo ist das n\u00e4chste Mandat&#8220;. <\/strong>Diese Themen kamen erst gar nicht auf.<\/p>\n<p>&nbsp;<\/p>\n<p>Fast so, als ob die Provider und wir auf einer gemeinsamen Urlaubsreise mit echtem Kennenlernen mal von der ganz normalen pers\u00f6nlichen Seite gewesen w\u00e4ren&#8230;.<\/p>\n<p>&nbsp;<\/p>\n<p>Topleistungen bei der Organisation und ein kulinarischer Event der allerobersten Klasse.<\/p>\n<p>&nbsp;<\/p>\n<p>Verd&#8230;.. laaaaaang her, da\u00df ich sagen konnte:<\/p>\n<p>&nbsp;<\/p>\n<p>Jeden Cent und jede Minute, die ich hier investiert hatte, war es wert.\u201c<\/p>\n<p>&nbsp;<\/p>\n<p>In tiefer Dankbarkeit stehe ich heute gern hintenan.<\/p>\n<p>&nbsp;<\/p>\n","protected":false},"excerpt":{"rendered":"<p>Mein Blog nach dem AIMP-Jahresforum vorgestern unterscheidet sich von allen anderen aus den vergangenen siebeneinhalb Jahren: Der Text ist nicht von mir! &nbsp; Sondern von einem gestandenen und marktbekannten Interim Manager. &nbsp; Aber was zum Teufel k\u00f6nnte ich besser schreiben, &hellip; <a href=\"https:\/\/www.manatnet.com\/blog\/2015\/04\/aimp-jahresforum-2015-klassentreffen-auf-allerhochstem-niveau\/\">Weiterlesen <span class=\"meta-nav\">&rarr;<\/span><\/a><\/p>\n","protected":false},"author":3,"featured_media":0,"comment_status":"open","ping_status":"open","sticky":false,"template":"","format":"standard","meta":{"om_disable_all_campaigns":false,"_monsterinsights_skip_tracking":false,"_monsterinsights_sitenote_active":false,"_monsterinsights_sitenote_note":"","_monsterinsights_sitenote_category":0},"categories":[4],"tags":[27,33,32,52],"aioseo_notices":[],"_links":{"self":[{"href":"https:\/\/www.manatnet.com\/blog\/wp-json\/wp\/v2\/posts\/2739"}],"collection":[{"href":"https:\/\/www.manatnet.com\/blog\/wp-json\/wp\/v2\/posts"}],"about":[{"href":"https:\/\/www.manatnet.com\/blog\/wp-json\/wp\/v2\/types\/post"}],"author":[{"embeddable":true,"href":"https:\/\/www.manatnet.com\/blog\/wp-json\/wp\/v2\/users\/3"}],"replies":[{"embeddable":true,"href":"https:\/\/www.manatnet.com\/blog\/wp-json\/wp\/v2\/comments?post=2739"}],"version-history":[{"count":3,"href":"https:\/\/www.manatnet.com\/blog\/wp-json\/wp\/v2\/posts\/2739\/revisions"}],"predecessor-version":[{"id":2742,"href":"https:\/\/www.manatnet.com\/blog\/wp-json\/wp\/v2\/posts\/2739\/revisions\/2742"}],"wp:attachment":[{"href":"https:\/\/www.manatnet.com\/blog\/wp-json\/wp\/v2\/media?parent=2739"}],"wp:term":[{"taxonomy":"category","embeddable":true,"href":"https:\/\/www.manatnet.com\/blog\/wp-json\/wp\/v2\/categories?post=2739"},{"taxonomy":"post_tag","embeddable":true,"href":"https:\/\/www.manatnet.com\/blog\/wp-json\/wp\/v2\/tags?post=2739"}],"curies":[{"name":"wp","href":"https:\/\/api.w.org\/{rel}","templated":true}]}}